{"id":448,"date":"2010-09-06T04:39:41","date_gmt":"2010-09-06T04:39:41","guid":{"rendered":"http:\/\/firmas.lasprovincias.es\/mariajosepou\/?p=448"},"modified":"2010-09-06T04:39:41","modified_gmt":"2010-09-06T04:39:41","slug":"una-solucion-justa","status":"publish","type":"post","link":"https:\/\/blogs.lasprovincias.es\/mariajosepou\/2010\/09\/06\/una-solucion-justa\/","title":{"rendered":"Una soluci\u00f3n justa"},"content":{"rendered":"<p style=\"text-align: justify\"><a href=\"\/mariajosepou\/wp-content\/uploads\/sites\/4\/2010\/09\/eta-1.jpg\"><img loading=\"lazy\" class=\"alignleft size-medium wp-image-449\" src=\"\/mariajosepou\/wp-content\/uploads\/sites\/4\/2010\/09\/eta-1.jpg\" alt=\"\" width=\"300\" height=\"222\" srcset=\"https:\/\/static-blogs.lasprovincias.es\/wp-content\/uploads\/sites\/4\/2010\/09\/eta-1.jpg 470w, https:\/\/static-blogs.lasprovincias.es\/wp-content\/uploads\/sites\/4\/2010\/09\/eta-1-300x222.jpg 300w\" sizes=\"(max-width: 300px) 100vw, 300px\" \/><\/a>De alguien dispuesto a matar, a torturar y a extorsionar no hay que esperar sinceridad. Si se puede contrariar la bondad humana hasta el extremo, por qu\u00e9 tener remilgos a la hora de mentir.<\/p>\n<p style=\"text-align: justify\">Ahora bien, dando por v\u00e1lido no el contenido pero s\u00ed el soporte del anuncio de ETA, hay una palabra que retumba en mis o\u00eddos desde que la escuch\u00e9 y se ha quedado rebotando con el eco craneal.<\/p>\n<p style=\"text-align: justify\">Dice ETA que busca una soluci\u00f3n \u00abduradera, justa y democr\u00e1tica\u00bb. Los tres t\u00e9rminos son imposturas viniendo de una organizaci\u00f3n terrorista a la que no le duran nada las treguas, para que vaya hablando de \u00abduradera\u00bb, y que intenta imponer por la fuerza sus ideas, como para exigir \u00abdemocracia\u00bb.<\/p>\n<p style=\"text-align: justify\">Sin embargo es el adjetivo \u00abjusta\u00bb el que me martiriza desde ayer. ETA quiere una soluci\u00f3n justa. No salgo de mi asombro y si fuera v\u00edctima de esta panda de criminales -que gracias a Dios no lo soy- me tatuar\u00eda la palabra en la rabadilla. \u00bfJusta? \u00bfETA pide soluciones justas?<\/p>\n<p style=\"text-align: justify\">Para m\u00ed es la perversi\u00f3n moral mayor que he visto en la banda y eso que las hemos visto todas. \u00bfQu\u00e9 cree ETA que es la justicia?<\/p>\n<p style=\"text-align: justify\">Dice el Diccionario de la Academia que justicia es \u00abdar a cada uno lo que le corresponde o pertenece\u00bb. Imagino que, sectarios que son, se quedar\u00e1n solo con el segundo y solo para unos cuantos, esto es, dar a los vascos capacidad de decisi\u00f3n sobre su territorio porque les pertenece. Eso es lo que ellos reivindican ignorando que ya existe esa autonom\u00eda en el modelo de Estado sobre el que reniegan tanto en el v\u00eddeo. Y que les pertenece a todos los vascos, no solo a los nacionalistas.<\/p>\n<p style=\"text-align: justify\">Pero yo me quedo con el primero: \u00abdar lo que le corresponde\u00bb. \u00bfLes correspond\u00eda a las v\u00edctimas el da\u00f1o sufrido? \u00bfA la ni\u00f1a de Santa Pola? \u00bfA la mujer del Corte Ingl\u00e9s de Pintor Sorolla? \u00bfA tantos y tantos? \u00bfEra justo que murieran por la Patria Vasca? No. No lo era. ETA se ha pasado 50 a\u00f1os haciendo da\u00f1o injustamente y ahora exige soluciones justas. \u00abLo que corresponde\u00bb a ETA es la c\u00e1rcel. Es lo justo.<\/p>\n<!-- AddThis Advanced Settings generic via filter on the_content --><!-- AddThis Share Buttons generic via filter on the_content -->","protected":false},"excerpt":{"rendered":"<p>De alguien dispuesto a matar, a torturar y a extorsionar no hay que esperar sinceridad. Si se puede contrariar la bondad humana hasta el extremo, por qu\u00e9 tener remilgos a la hora de mentir. Ahora bien, dando por v\u00e1lido no el contenido pero s\u00ed el soporte del anuncio de ETA, hay una palabra que retumba [&hellip;]<!-- AddThis Advanced Settings generic via filter on get_the_excerpt --><!-- AddThis Share Buttons generic via filter on get_the_excerpt --><\/p>\n","protected":false},"author":6,"featured_media":0,"comment_status":"open","ping_status":"closed","sticky":false,"template":"","format":"standard","meta":[],"categories":[4],"tags":[169],"_links":{"self":[{"href":"https:\/\/blogs.lasprovincias.es\/mariajosepou\/wp-json\/wp\/v2\/posts\/448"}],"collection":[{"href":"https:\/\/blogs.lasprovincias.es\/mariajosepou\/wp-json\/wp\/v2\/posts"}],"about":[{"href":"https:\/\/blogs.lasprovincias.es\/mariajosepou\/wp-json\/wp\/v2\/types\/post"}],"author":[{"embeddable":true,"href":"https:\/\/blogs.lasprovincias.es\/mariajosepou\/wp-json\/wp\/v2\/users\/6"}],"replies":[{"embeddable":true,"href":"https:\/\/blogs.lasprovincias.es\/mariajosepou\/wp-json\/wp\/v2\/comments?post=448"}],"version-history":[{"count":0,"href":"https:\/\/blogs.lasprovincias.es\/mariajosepou\/wp-json\/wp\/v2\/posts\/448\/revisions"}],"wp:attachment":[{"href":"https:\/\/blogs.lasprovincias.es\/mariajosepou\/wp-json\/wp\/v2\/media?parent=448"}],"wp:term":[{"taxonomy":"category","embeddable":true,"href":"https:\/\/blogs.lasprovincias.es\/mariajosepou\/wp-json\/wp\/v2\/categories?post=448"},{"taxonomy":"post_tag","embeddable":true,"href":"https:\/\/blogs.lasprovincias.es\/mariajosepou\/wp-json\/wp\/v2\/tags?post=448"}],"curies":[{"name":"wp","href":"https:\/\/api.w.org\/{rel}","templated":true}]}}