{"id":4506,"date":"2012-09-07T22:11:08","date_gmt":"2012-09-07T20:11:08","guid":{"rendered":"http:\/\/blogs.lasprovincias.es\/mariajosepou\/?p=4506"},"modified":"2012-09-07T22:11:08","modified_gmt":"2012-09-07T20:11:08","slug":"el-morado-penitente","status":"publish","type":"post","link":"https:\/\/blogs.lasprovincias.es\/mariajosepou\/2012\/09\/07\/el-morado-penitente\/","title":{"rendered":"El morado penitente"},"content":{"rendered":"<p><a href=\"\/mariajosepou\/wp-content\/uploads\/sites\/4\/2012\/09\/reuters-rajoy-merkel-644x362.jpg\"><img loading=\"lazy\" class=\"alignleft size-medium wp-image-4507\" title=\"reuters-rajoy-merkel--644x362\" src=\"\/mariajosepou\/wp-content\/uploads\/sites\/4\/2012\/09\/reuters-rajoy-merkel.jpg\" alt=\"\" width=\"300\" height=\"168\" \/><\/a>Hubo un tiempo en el que parec\u00eda impensable que Espa\u00f1a cayera en una recesi\u00f3n como la sufrida por Grecia. Espa\u00f1a no es Grecia, \u201cse cansaron de decirnos\u201d. No lo es, en efecto, pero \u00a1hay que ver c\u00f3mo se le parece!<\/p>\n<p>Tambi\u00e9n hubo un momento en el que era imposible que Espa\u00f1a pidiera el rescate y la palabrita sigui\u00f3 la estela de \u201ccrisis\u201d. Si para el PSOE \u201ccrisis\u201d era un t\u00e9rmino tab\u00fa, la del PP es \u201crescate\u201d. No est\u00e1bamos en crisis, solo en una coyuntura complicada. Ahora no nos rescatar\u00e1n, solo comprar\u00e1n nuestra deuda a cambio de condiciones.<\/p>\n<p>Ayer ya me convenc\u00ed de que lo nuestro era un Titanic en medio del oc\u00e9ano y que los espa\u00f1oles \u00edbamos a recibir instrucciones de c\u00f3mo sentarnos en los botes salvavidas fabricados por ThyssenKrupp. No dejemos que nos invada el p\u00e1nico. Salvaremos el pescuezo, aunque no s\u00e9 si la honra y mucho menos la hacienda.<\/p>\n<p>Eso lo entend\u00ed cuando vi a Merkel de morado penitente junto a Rajoy. Ha venido para que visualicemos el cambio de situaci\u00f3n. \u00bfCu\u00e1ntas veces la cancillera de cemento ha visitado la Moncloa con cara de vinagreta? Es la entrada del Emperador conquistador en sus nuevas posesiones. Tras \u00e9l, vendr\u00e1n los hombres de negro, como corresponde al funeral: la oficiante, de morado, y los fieles, de negro. Y, a partir de ah\u00ed, el duelo.<\/p>\n<p>No quiero ponerme en lo peor. B\u00e1sicamente, porque ya estamos. Van a ser muchos a\u00f1os de penurias, como bien sabe Alemania. Estamos sometidos a las condiciones impuestas por los pa\u00edses vencedores, como se hizo tras las guerras mundiales con los vencidos. Ha sido y es una guerra incruenta en la que faltan los heridos del frente y el soldado desconocido pero comparte con las tradicionales la humillaci\u00f3n del perdedor y las secuelas en toda una generaci\u00f3n.<\/p>\n<p>Los mercados nos ganan y solo cabe resistir heroicamente hasta morir o aceptar el tratado de paz y sucumbir. Ayer asistimos a su hist\u00f3rica firma en Madrid. \u00a1Larga vida al Kaiser!<\/p>\n<!-- AddThis Advanced Settings generic via filter on the_content --><!-- AddThis Share Buttons generic via filter on the_content -->","protected":false},"excerpt":{"rendered":"<p>Hubo un tiempo en el que parec\u00eda impensable que Espa\u00f1a cayera en una recesi\u00f3n como la sufrida por Grecia. Espa\u00f1a no es Grecia, \u201cse cansaron de decirnos\u201d. No lo es, en efecto, pero \u00a1hay que ver c\u00f3mo se le parece! Tambi\u00e9n hubo un momento en el que era imposible que Espa\u00f1a pidiera el rescate y [&hellip;]<!-- AddThis Advanced Settings generic via filter on get_the_excerpt --><!-- AddThis Share Buttons generic via filter on get_the_excerpt --><\/p>\n","protected":false},"author":6,"featured_media":0,"comment_status":"open","ping_status":"closed","sticky":false,"template":"","format":"standard","meta":[],"categories":[4],"tags":[54,65,111,143],"_links":{"self":[{"href":"https:\/\/blogs.lasprovincias.es\/mariajosepou\/wp-json\/wp\/v2\/posts\/4506"}],"collection":[{"href":"https:\/\/blogs.lasprovincias.es\/mariajosepou\/wp-json\/wp\/v2\/posts"}],"about":[{"href":"https:\/\/blogs.lasprovincias.es\/mariajosepou\/wp-json\/wp\/v2\/types\/post"}],"author":[{"embeddable":true,"href":"https:\/\/blogs.lasprovincias.es\/mariajosepou\/wp-json\/wp\/v2\/users\/6"}],"replies":[{"embeddable":true,"href":"https:\/\/blogs.lasprovincias.es\/mariajosepou\/wp-json\/wp\/v2\/comments?post=4506"}],"version-history":[{"count":0,"href":"https:\/\/blogs.lasprovincias.es\/mariajosepou\/wp-json\/wp\/v2\/posts\/4506\/revisions"}],"wp:attachment":[{"href":"https:\/\/blogs.lasprovincias.es\/mariajosepou\/wp-json\/wp\/v2\/media?parent=4506"}],"wp:term":[{"taxonomy":"category","embeddable":true,"href":"https:\/\/blogs.lasprovincias.es\/mariajosepou\/wp-json\/wp\/v2\/categories?post=4506"},{"taxonomy":"post_tag","embeddable":true,"href":"https:\/\/blogs.lasprovincias.es\/mariajosepou\/wp-json\/wp\/v2\/tags?post=4506"}],"curies":[{"name":"wp","href":"https:\/\/api.w.org\/{rel}","templated":true}]}}