{"id":451,"date":"2010-09-07T06:39:32","date_gmt":"2010-09-07T06:39:32","guid":{"rendered":"http:\/\/firmas.lasprovincias.es\/mariajosepou\/?p=451"},"modified":"2010-09-07T06:39:32","modified_gmt":"2010-09-07T06:39:32","slug":"gran-hermano-minero","status":"publish","type":"post","link":"https:\/\/blogs.lasprovincias.es\/mariajosepou\/2010\/09\/07\/gran-hermano-minero\/","title":{"rendered":"Gran Hermano minero"},"content":{"rendered":"<p style=\"text-align: justify\"><a href=\"\/mariajosepou\/wp-content\/uploads\/sites\/4\/2010\/09\/02B5MINEROS031.jpg\"><img loading=\"lazy\" class=\"alignleft size-medium wp-image-452\" src=\"\/mariajosepou\/wp-content\/uploads\/sites\/4\/2010\/09\/02B5MINEROS031.jpg\" alt=\"\" width=\"300\" height=\"200\" \/><\/a>Cuando dicen que la realidad supera a la ficci\u00f3n, no se equivocan. Tanto planear experimentos sociol\u00f3gicos de aislamiento y convivencia en una casa artificial y, de pronto, nos encontramos con que la naturaleza y la criminalidad de una empresa minera que no prev\u00e9 suficientes v\u00edas de escape, dejan encerrados bajo tierra a 33 mineros chilenos.<\/p>\n<p style=\"text-align: justify\">Sin embargo, en los \u00faltimos d\u00edas me est\u00e1 preocupando el nivel de euforia que se vive y, lo que es m\u00e1s importante, el que se est\u00e1 produciendo intencionalmente entre los atrapados y sus familias.<\/p>\n<p style=\"text-align: justify\">No digo que los psic\u00f3logos no procuren mantener alto el \u00e1nimo de los que se encuentran en la primera l\u00ednea del drama pero me pregunto cu\u00e1les ser\u00e1n las consecuencias tanto si va bien como si va mal el rescate.<\/p>\n<p style=\"text-align: justify\">Entiendo la alegr\u00eda de saberles con vida. Indescriptible en una situaci\u00f3n de este tipo. Comprendo que conociendo su refugio, sus dudas y miedos en los d\u00edas en los que no ten\u00edan noticias del exterior o su debilidad f\u00edsica y mental despu\u00e9s de tanto tiempo, era necesario ofrecerles incentivos para continuar y fortalecerse para lo que queda. Sin embargo, ver a un minero con la bandera de Chile me hizo pensar en lo duro que es la decepci\u00f3n tras una alta expectativa.<\/p>\n<p style=\"text-align: justify\">De momento parece que lo peor es el plazo. Hablar de meses all\u00ed dentro resulta inhumano y preocupante pero se puede producir algo peor que es un derrumbe y la muerte, esta vez s\u00ed, de los mineros. Ya s\u00e9 que esto se puede decir aqu\u00ed pero no all\u00ed ni a las familias ni a los protagonistas ni tampoco a la poblaci\u00f3n. Ahora bien, si ocurriera el drama ser\u00eda terrible no solo por s\u00ed mismo sino por su retransmisi\u00f3n casi en directo.<\/p>\n<p style=\"text-align: justify\">Alguno de los mineros ya se ha quejado de censura y m\u00e1s que habr\u00e1. De otro modo las propios mensajes o sus propias dudas pueden desmoralizarlos.<\/p>\n<p style=\"text-align: justify\">Es cierto que esa capacidad que proporciona la t\u00e9cnica de entablar una conversaci\u00f3n por videoconferencia es excepcional y ayuda, sobre todo, a los mineros. Pero puede volverse en contra si las cosas no van como deseamos. Es el riesgo de la &#8216;vida en directo&#8217;.<\/p>\n<!-- AddThis Advanced Settings generic via filter on the_content --><!-- AddThis Share Buttons generic via filter on the_content -->","protected":false},"excerpt":{"rendered":"<p>Cuando dicen que la realidad supera a la ficci\u00f3n, no se equivocan. Tanto planear experimentos sociol\u00f3gicos de aislamiento y convivencia en una casa artificial y, de pronto, nos encontramos con que la naturaleza y la criminalidad de una empresa minera que no prev\u00e9 suficientes v\u00edas de escape, dejan encerrados bajo tierra a 33 mineros chilenos. [&hellip;]<!-- AddThis Advanced Settings generic via filter on get_the_excerpt --><!-- AddThis Share Buttons generic via filter on get_the_excerpt --><\/p>\n","protected":false},"author":6,"featured_media":0,"comment_status":"open","ping_status":"closed","sticky":false,"template":"","format":"standard","meta":[],"categories":[4],"tags":[168],"_links":{"self":[{"href":"https:\/\/blogs.lasprovincias.es\/mariajosepou\/wp-json\/wp\/v2\/posts\/451"}],"collection":[{"href":"https:\/\/blogs.lasprovincias.es\/mariajosepou\/wp-json\/wp\/v2\/posts"}],"about":[{"href":"https:\/\/blogs.lasprovincias.es\/mariajosepou\/wp-json\/wp\/v2\/types\/post"}],"author":[{"embeddable":true,"href":"https:\/\/blogs.lasprovincias.es\/mariajosepou\/wp-json\/wp\/v2\/users\/6"}],"replies":[{"embeddable":true,"href":"https:\/\/blogs.lasprovincias.es\/mariajosepou\/wp-json\/wp\/v2\/comments?post=451"}],"version-history":[{"count":0,"href":"https:\/\/blogs.lasprovincias.es\/mariajosepou\/wp-json\/wp\/v2\/posts\/451\/revisions"}],"wp:attachment":[{"href":"https:\/\/blogs.lasprovincias.es\/mariajosepou\/wp-json\/wp\/v2\/media?parent=451"}],"wp:term":[{"taxonomy":"category","embeddable":true,"href":"https:\/\/blogs.lasprovincias.es\/mariajosepou\/wp-json\/wp\/v2\/categories?post=451"},{"taxonomy":"post_tag","embeddable":true,"href":"https:\/\/blogs.lasprovincias.es\/mariajosepou\/wp-json\/wp\/v2\/tags?post=451"}],"curies":[{"name":"wp","href":"https:\/\/api.w.org\/{rel}","templated":true}]}}