{"id":454,"date":"2010-09-08T06:46:24","date_gmt":"2010-09-08T06:46:24","guid":{"rendered":"http:\/\/firmas.lasprovincias.es\/mariajosepou\/?p=454"},"modified":"2010-09-08T06:46:24","modified_gmt":"2010-09-08T06:46:24","slug":"montilla-en-pecado-mortal","status":"publish","type":"post","link":"https:\/\/blogs.lasprovincias.es\/mariajosepou\/2010\/09\/08\/montilla-en-pecado-mortal\/","title":{"rendered":"Montilla en pecado mortal"},"content":{"rendered":"<p style=\"text-align: justify\"><a href=\"\/mariajosepou\/wp-content\/uploads\/sites\/4\/2010\/09\/666479481-montilla-mantiene-incognita-fecha-electoral-ejecutiva-psc.jpg\"><img loading=\"lazy\" class=\"alignleft size-medium wp-image-455\" src=\"\/mariajosepou\/wp-content\/uploads\/sites\/4\/2010\/09\/666479481-montilla-mantiene-incognita-fecha-electoral-ejecutiva-psc.jpg\" alt=\"\" width=\"300\" height=\"225\" srcset=\"https:\/\/static-blogs.lasprovincias.es\/wp-content\/uploads\/sites\/4\/2010\/09\/666479481-montilla-mantiene-incognita-fecha-electoral-ejecutiva-psc.jpg 309w, https:\/\/static-blogs.lasprovincias.es\/wp-content\/uploads\/sites\/4\/2010\/09\/666479481-montilla-mantiene-incognita-fecha-electoral-ejecutiva-psc-300x225.jpg 300w\" sizes=\"(max-width: 300px) 100vw, 300px\" \/><\/a>La multiplicaci\u00f3n de convocatorias electorales en Espa\u00f1a hace inevitable la coincidencia. Me refiero no solo a que los partidos pol\u00edticos vivan para esos plebiscitos continuos sino a que siempre estamos pendientes de una jornada electoral ya sea de las generales, de las auton\u00f3micas o de las autonom\u00edas hist\u00f3ricas que, adem\u00e1s, van a su ritmo.<\/p>\n<p style=\"text-align: justify\">Por eso no es de extra\u00f1ar que los estrategas de campa\u00f1as electorales tengan serias dificultades para evitar el solapamiento de unas elecciones con alg\u00fan acontecimiento que pueda empa\u00f1arlas, influirlas o beneficiar y perjudicar respectivamente a un candidato y a su oponente.<\/p>\n<p style=\"text-align: justify\">Por mucho que se empe\u00f1en, siempre corren el riesgo de celebrarse con otras o con alguna fecha significativa. As\u00ed se explica el miedo de Montilla o de Gri\u00f1\u00e1n a que Zapatero adelantara las generales. El dato no es irrelevante: que Catalu\u00f1a y Andaluc\u00eda, comunidades donde gobierna el PSOE aproximadamente, huyan del mal influjo de unas legislativas quiere decir que no conf\u00edan en absoluto en un buen resultado para Zapatero.<\/p>\n<p style=\"text-align: justify\">La coincidencia no es solo con otras jornadas electorales sino con otros eventos. As\u00ed, Montilla ha tenido que sopesar durante semanas si convocaba bajo palio o bajo quatribarrada. El primero, por la visita del Papa y la segunda, por el Madrid-Bar\u00e7a.<\/p>\n<p style=\"text-align: justify\">Al final se ha decidido por la segunda pues el partido m\u00e1s morboso de la Liga espa\u00f1ola se jugar\u00e1 el fin de semana del 28 de noviembre, fecha escogida por el President.<\/p>\n<p style=\"text-align: justify\">La elecci\u00f3n es interesante pues, si son ciertos esos an\u00e1lisis que vinculan la emotividad con la decisi\u00f3n del voto, el molt Honorable ha buscado el influjo del barcelonismo y no del catolicismo. No es extra\u00f1o habida cuenta de que gobierna con el apoyo de los nacionalistas y no de Converg\u00e8ncia o del PP, opciones m\u00e1s sensibles a los seguidores de Benedicto XVI que Carod Rovira bromeando en Jerusal\u00e9n con la corona de espinas.<\/p>\n<p style=\"text-align: justify\">De hecho, el propio Montilla ha estado diciendo estos \u00faltimos d\u00edas que no ve\u00eda problema para ir a votar por la ma\u00f1ana y acudir al campo de f\u00fatbol por la tarde. La pregunta es si ve\u00eda, en cambio, problemas para votar y luego comulgar. Quiz\u00e1s tem\u00eda estar en pecado mortal.<\/p>\n<!-- AddThis Advanced Settings generic via filter on the_content --><!-- AddThis Share Buttons generic via filter on the_content -->","protected":false},"excerpt":{"rendered":"<p>La multiplicaci\u00f3n de convocatorias electorales en Espa\u00f1a hace inevitable la coincidencia. Me refiero no solo a que los partidos pol\u00edticos vivan para esos plebiscitos continuos sino a que siempre estamos pendientes de una jornada electoral ya sea de las generales, de las auton\u00f3micas o de las autonom\u00edas hist\u00f3ricas que, adem\u00e1s, van a su ritmo. Por [&hellip;]<!-- AddThis Advanced Settings generic via filter on get_the_excerpt --><!-- AddThis Share Buttons generic via filter on get_the_excerpt --><\/p>\n","protected":false},"author":6,"featured_media":0,"comment_status":"open","ping_status":"closed","sticky":false,"template":"","format":"standard","meta":[],"categories":[4],"tags":[38,40,118,136],"_links":{"self":[{"href":"https:\/\/blogs.lasprovincias.es\/mariajosepou\/wp-json\/wp\/v2\/posts\/454"}],"collection":[{"href":"https:\/\/blogs.lasprovincias.es\/mariajosepou\/wp-json\/wp\/v2\/posts"}],"about":[{"href":"https:\/\/blogs.lasprovincias.es\/mariajosepou\/wp-json\/wp\/v2\/types\/post"}],"author":[{"embeddable":true,"href":"https:\/\/blogs.lasprovincias.es\/mariajosepou\/wp-json\/wp\/v2\/users\/6"}],"replies":[{"embeddable":true,"href":"https:\/\/blogs.lasprovincias.es\/mariajosepou\/wp-json\/wp\/v2\/comments?post=454"}],"version-history":[{"count":0,"href":"https:\/\/blogs.lasprovincias.es\/mariajosepou\/wp-json\/wp\/v2\/posts\/454\/revisions"}],"wp:attachment":[{"href":"https:\/\/blogs.lasprovincias.es\/mariajosepou\/wp-json\/wp\/v2\/media?parent=454"}],"wp:term":[{"taxonomy":"category","embeddable":true,"href":"https:\/\/blogs.lasprovincias.es\/mariajosepou\/wp-json\/wp\/v2\/categories?post=454"},{"taxonomy":"post_tag","embeddable":true,"href":"https:\/\/blogs.lasprovincias.es\/mariajosepou\/wp-json\/wp\/v2\/tags?post=454"}],"curies":[{"name":"wp","href":"https:\/\/api.w.org\/{rel}","templated":true}]}}