{"id":4584,"date":"2012-10-11T21:01:28","date_gmt":"2012-10-11T19:01:28","guid":{"rendered":"http:\/\/blogs.lasprovincias.es\/mariajosepou\/?p=4584"},"modified":"2012-10-11T21:01:28","modified_gmt":"2012-10-11T19:01:28","slug":"ministro-preconstitucional","status":"publish","type":"post","link":"https:\/\/blogs.lasprovincias.es\/mariajosepou\/2012\/10\/11\/ministro-preconstitucional\/","title":{"rendered":"Ministro preconstitucional"},"content":{"rendered":"<p><a href=\"\/mariajosepou\/wp-content\/uploads\/sites\/4\/2012\/10\/wert9.jpg\"><img loading=\"lazy\" class=\"alignleft size-full wp-image-4585\" title=\"wert(9)\" src=\"\/mariajosepou\/wp-content\/uploads\/sites\/4\/2012\/10\/wert9.jpg\" alt=\"\" width=\"205\" height=\"250\" \/><\/a>Luego dir\u00e1n que no saben comunicar o que no han sabido hacer llegar sus propuestas. Es verdad que decir eso de \u201cespa\u00f1olizar a los alumnos catalanes\u201d es inoportuno, simplista y metepatas pero detr\u00e1s de las cr\u00edticas hay mucho m\u00e1s que un ministro poco cuidadoso en sus manifestaciones p\u00fablicas.<\/p>\n<p>Tal como lo explican, dan ganas de apartarse incluso entre quienes est\u00e1n de acuerdo con una revisi\u00f3n de la ense\u00f1anza en todo el territorio espa\u00f1ol, no solo por los contenidos de historia sino por unos niveles de fracaso que preocupan m\u00e1s que las lagunas sobre el XVIII.<\/p>\n<p>Con algunos modos empleados desde el poder es dif\u00edcil lograr que alguien se sienta orgulloso de pertenecer a la misma patria. No me refiero solo a los bocazas ministeriales sino tambi\u00e9n a los cantos locales de sirena. \u00bfPuede alguien sentir el \u201corgullo espa\u00f1ol\u201d hoy en Catalu\u00f1a? Tengo mis dudas.<\/p>\n<p>M\u00e1s all\u00e1 de eso, lo que preocupa es c\u00f3mo se censura al ministro Wert.<\/p>\n<p>En las horas posteriores a su declaraci\u00f3n le han tachado de franquista y nacional-cat\u00f3lico, pero la etiqueta que m\u00e1s me ha llamado la atenci\u00f3n es la de \u201cpreconstitucional\u201d. El apelativo ha salido de la consellera de Educaci\u00f3n de la Generalitat de Catalu\u00f1a, Irene Rigau, quien denuncia una \u201cinvoluci\u00f3n muy clara y expl\u00edcita&#8221; en Espa\u00f1a.<\/p>\n<p>Me produce cierta perplejidad viniendo del discurso que viene: uno que se remonta a 1640 y a 1714. No s\u00e9 si por entonces ya estaba vigente la constituci\u00f3n de 1978 pero algo me dice que no.<\/p>\n<p>\u201cPreconstitucional\u201d es un t\u00e9rmino m\u00e1gico con el que se dice que algo es franquista sin decirlo. Quienes llevan banderas republicanas acusan de \u201cpreconstitucional\u201d a las del \u201cpollo\u201d, como si la suya lo fuera, y quienes a\u00f1oran el siglo XVI acusan de involuci\u00f3n a los dem\u00e1s. Involuci\u00f3n, a mi modo de ver, es tener que pagar un \u201ctres per cent\u201d como derecho de pernada para poder trabajar o conocer solo el dialecto local en lugar de las lenguas francas.<\/p>\n<!-- AddThis Advanced Settings generic via filter on the_content --><!-- AddThis Share Buttons generic via filter on the_content -->","protected":false},"excerpt":{"rendered":"<p>Luego dir\u00e1n que no saben comunicar o que no han sabido hacer llegar sus propuestas. Es verdad que decir eso de \u201cespa\u00f1olizar a los alumnos catalanes\u201d es inoportuno, simplista y metepatas pero detr\u00e1s de las cr\u00edticas hay mucho m\u00e1s que un ministro poco cuidadoso en sus manifestaciones p\u00fablicas. Tal como lo explican, dan ganas de [&hellip;]<!-- AddThis Advanced Settings generic via filter on get_the_excerpt --><!-- AddThis Share Buttons generic via filter on get_the_excerpt --><\/p>\n","protected":false},"author":6,"featured_media":0,"comment_status":"open","ping_status":"closed","sticky":false,"template":"","format":"standard","meta":[],"categories":[4],"tags":[37,66,126,149],"_links":{"self":[{"href":"https:\/\/blogs.lasprovincias.es\/mariajosepou\/wp-json\/wp\/v2\/posts\/4584"}],"collection":[{"href":"https:\/\/blogs.lasprovincias.es\/mariajosepou\/wp-json\/wp\/v2\/posts"}],"about":[{"href":"https:\/\/blogs.lasprovincias.es\/mariajosepou\/wp-json\/wp\/v2\/types\/post"}],"author":[{"embeddable":true,"href":"https:\/\/blogs.lasprovincias.es\/mariajosepou\/wp-json\/wp\/v2\/users\/6"}],"replies":[{"embeddable":true,"href":"https:\/\/blogs.lasprovincias.es\/mariajosepou\/wp-json\/wp\/v2\/comments?post=4584"}],"version-history":[{"count":0,"href":"https:\/\/blogs.lasprovincias.es\/mariajosepou\/wp-json\/wp\/v2\/posts\/4584\/revisions"}],"wp:attachment":[{"href":"https:\/\/blogs.lasprovincias.es\/mariajosepou\/wp-json\/wp\/v2\/media?parent=4584"}],"wp:term":[{"taxonomy":"category","embeddable":true,"href":"https:\/\/blogs.lasprovincias.es\/mariajosepou\/wp-json\/wp\/v2\/categories?post=4584"},{"taxonomy":"post_tag","embeddable":true,"href":"https:\/\/blogs.lasprovincias.es\/mariajosepou\/wp-json\/wp\/v2\/tags?post=4584"}],"curies":[{"name":"wp","href":"https:\/\/api.w.org\/{rel}","templated":true}]}}