{"id":4586,"date":"2012-10-12T21:10:32","date_gmt":"2012-10-12T19:10:32","guid":{"rendered":"http:\/\/blogs.lasprovincias.es\/mariajosepou\/?p=4586"},"modified":"2012-10-12T21:10:32","modified_gmt":"2012-10-12T19:10:32","slug":"todas-somos-malala","status":"publish","type":"post","link":"https:\/\/blogs.lasprovincias.es\/mariajosepou\/2012\/10\/12\/todas-somos-malala\/","title":{"rendered":"Todas somos Malala"},"content":{"rendered":"<p><a href=\"\/mariajosepou\/wp-content\/uploads\/sites\/4\/2012\/10\/63416765_malala.jpg\"><img loading=\"lazy\" class=\"alignleft size-medium wp-image-4587\" title=\"_63416765_malala\" src=\"\/mariajosepou\/wp-content\/uploads\/sites\/4\/2012\/10\/63416765_malala.jpg\" alt=\"\" width=\"300\" height=\"168\" srcset=\"https:\/\/static-blogs.lasprovincias.es\/wp-content\/uploads\/sites\/4\/2012\/10\/63416765_malala.jpg 464w, https:\/\/static-blogs.lasprovincias.es\/wp-content\/uploads\/sites\/4\/2012\/10\/63416765_malala-300x169.jpg 300w\" sizes=\"(max-width: 300px) 100vw, 300px\" \/><\/a>Me resultaba curioso ayer leer el parte sobre el estado de salud de Malala Yusufzai, la ni\u00f1a pakistan\u00ed atacada brutalmente por enfrentarse a los talibanes exigiendo la educaci\u00f3n de las ni\u00f1as. Dec\u00edan las cr\u00f3nicas que estaba mejor pero \u201ca\u00fan no estaba fuera de peligro\u201d. Me sonre\u00ed. Una sonrisa amarga, sin duda. \u00bfC\u00f3mo va a estar fuera de peligro rodeada de trogloditas analfabetos que pretenden seguir sometiendo a sus conciudadanos a golpes? Ya s\u00e9 que se refer\u00edan a que su vida no corr\u00eda peligro como consecuencia de las heridas pero la ambig\u00fcedad dejaba abierta la puerta a esa concepci\u00f3n amplia del riesgo vital.<\/p>\n<p>Es tan salvaje lo ocurrido \u2013lo que sigue ocurriendo- que me hierve la sangre de no ver a millones de ciudadanos de todo el mundo pidiendo a gritos justicia. Por menos salimos a las calles. Rodeamos embajadas. Da la sensaci\u00f3n de que nuestras causas m\u00e1s fuertes son las menos relevantes. Las m\u00e1s ego\u00edstas.<\/p>\n<p>Espa\u00f1a se manifest\u00f3 contra la guerra de Irak pero no tanto contra las masacres en Bosnia, Siria o Ruanda. Ahora nos hartamos de clamar contra los dirigentes que nos tocan el sueldo, no la dignidad como seres humanos.<\/p>\n<p>El ataque contra Malala hiere lo profundo, lo m\u00e1s \u00edntimo. Son varias generaciones las que est\u00e1n en juego: la de la ni\u00f1a y las posteriores, porque tendr\u00e1n madres analfabetas. Pero solo nos preocupa que nuestros j\u00f3venes sean la generaci\u00f3n perdida porque no tienen trabajo. Aunque hayan tenido la mejor educaci\u00f3n y, sobre todo, libertad para ir a la escuela.<\/p>\n<p>Ya s\u00e9 que eso tambi\u00e9n es importante. \u00a1Por supuesto! Pero es como quejarse porque el agua del grifo no est\u00e1 fr\u00eda cuando otros no tienen ni una gota para beber. Es justo quejarse, pero es ego\u00edsta hacerlo solo por nuestro ombligo. Si Malala fuera un joven activista egipcio, ser\u00eda icono internacional y personaje del a\u00f1o en Time. Solo es una ni\u00f1a. En un mundo machista \u2013tambi\u00e9n el occidental- es tener muy mala suerte.<\/p>\n<!-- AddThis Advanced Settings generic via filter on the_content --><!-- AddThis Share Buttons generic via filter on the_content -->","protected":false},"excerpt":{"rendered":"<p>Me resultaba curioso ayer leer el parte sobre el estado de salud de Malala Yusufzai, la ni\u00f1a pakistan\u00ed atacada brutalmente por enfrentarse a los talibanes exigiendo la educaci\u00f3n de las ni\u00f1as. Dec\u00edan las cr\u00f3nicas que estaba mejor pero \u201ca\u00fan no estaba fuera de peligro\u201d. Me sonre\u00ed. Una sonrisa amarga, sin duda. \u00bfC\u00f3mo va a estar [&hellip;]<!-- AddThis Advanced Settings generic via filter on get_the_excerpt --><!-- AddThis Share Buttons generic via filter on get_the_excerpt --><\/p>\n","protected":false},"author":6,"featured_media":0,"comment_status":"open","ping_status":"closed","sticky":false,"template":"","format":"standard","meta":[],"categories":[4],"tags":[66,116,169,180],"_links":{"self":[{"href":"https:\/\/blogs.lasprovincias.es\/mariajosepou\/wp-json\/wp\/v2\/posts\/4586"}],"collection":[{"href":"https:\/\/blogs.lasprovincias.es\/mariajosepou\/wp-json\/wp\/v2\/posts"}],"about":[{"href":"https:\/\/blogs.lasprovincias.es\/mariajosepou\/wp-json\/wp\/v2\/types\/post"}],"author":[{"embeddable":true,"href":"https:\/\/blogs.lasprovincias.es\/mariajosepou\/wp-json\/wp\/v2\/users\/6"}],"replies":[{"embeddable":true,"href":"https:\/\/blogs.lasprovincias.es\/mariajosepou\/wp-json\/wp\/v2\/comments?post=4586"}],"version-history":[{"count":0,"href":"https:\/\/blogs.lasprovincias.es\/mariajosepou\/wp-json\/wp\/v2\/posts\/4586\/revisions"}],"wp:attachment":[{"href":"https:\/\/blogs.lasprovincias.es\/mariajosepou\/wp-json\/wp\/v2\/media?parent=4586"}],"wp:term":[{"taxonomy":"category","embeddable":true,"href":"https:\/\/blogs.lasprovincias.es\/mariajosepou\/wp-json\/wp\/v2\/categories?post=4586"},{"taxonomy":"post_tag","embeddable":true,"href":"https:\/\/blogs.lasprovincias.es\/mariajosepou\/wp-json\/wp\/v2\/tags?post=4586"}],"curies":[{"name":"wp","href":"https:\/\/api.w.org\/{rel}","templated":true}]}}