{"id":460,"date":"2010-09-10T05:19:43","date_gmt":"2010-09-10T05:19:43","guid":{"rendered":"http:\/\/firmas.lasprovincias.es\/mariajosepou\/?p=460"},"modified":"2010-09-10T05:19:43","modified_gmt":"2010-09-10T05:19:43","slug":"la-dura-sefarad","status":"publish","type":"post","link":"https:\/\/blogs.lasprovincias.es\/mariajosepou\/2010\/09\/10\/la-dura-sefarad\/","title":{"rendered":"La dura Sefarad"},"content":{"rendered":"<p style=\"text-align: justify\"><a href=\"\/mariajosepou\/wp-content\/uploads\/sites\/4\/2010\/09\/sefarad1.jpg\"><img loading=\"lazy\" class=\"alignleft size-thumbnail wp-image-461\" src=\"\/mariajosepou\/wp-content\/uploads\/sites\/4\/2010\/09\/sefarad1.jpg\" alt=\"\" width=\"150\" height=\"150\" \/><\/a>Espa\u00f1a sigue siendo antisemita. Sefarad no consigue ser una tierra amable para quienes la invocan como propia sin haber pasado por la pila bautismal. Al menos as\u00ed lo indica una encuesta presentada por el ministerio de Exteriores, la Casa Sefarad y la Federaci\u00f3n de Comunidades Jud\u00edas de Espa\u00f1a.<\/p>\n<p style=\"text-align: justify\">Dice el estudio que uno de los factores que enturbia nuestra mirada hacia los jud\u00edos es la actuaci\u00f3n de Israel. Seg\u00fan los datos, los espa\u00f1oles no vemos a los jud\u00edos como factor de desestabilizaci\u00f3n o foco de problemas en nuestro pa\u00eds, como ocurre con los musulmanes, pero s\u00ed en el \u00e1mbito internacional a causa de la pol\u00edtica israel\u00ed.<\/p>\n<p style=\"text-align: justify\">Reconozco que el dato no me hubiera interpelado personalmente de no haber visto este verano el documental &#8216;Defamation&#8217; (Difamaci\u00f3n) del director israel\u00ed Yoav Shamir y de no haber contrastado su contenido con amigos jud\u00edos.<\/p>\n<p style=\"text-align: justify\">El documental intenta ser un ejercicio de denuncia a lo Michael Moore y aunque consigue poner sobre la mesa el debate sobre la identificaci\u00f3n de antisemitismo y antisionismo, lo hace elevando la an\u00e9cdota a categor\u00eda. As\u00ed, cuestiona la educaci\u00f3n que Israel hace de sus j\u00f3venes mostrando un malentendido entre unas adolescentes jud\u00edas que visitan Auschwitz y unos ancianos polacos. Su conclusi\u00f3n es que los jud\u00edos han desarrollado una hipersensibilidad exagerada hacia cualquier ataque exterior.<\/p>\n<p style=\"text-align: justify\">El problema es que esos ataques siguen existiendo. El antisemitismo adopta diversas formas a lo largo del tiempo. En efecto, hoy a nadie se le ocurrir\u00eda acusar de &#8216;marrano&#8217; a un jud\u00edo espa\u00f1ol y denunciarlo a las autoridades, como se hac\u00eda en los tiempos de la Inquisici\u00f3n. Hoy no nos molesta un jud\u00edo porque no pise la iglesia pues nosotros mismos la pisamos menos que ellos la sinagoga.<\/p>\n<p style=\"text-align: justify\">Eso significa que el rechazo ya no puede adoptar la forma de diferencia religiosa. Tampoco racial, como ocurri\u00f3 en el siglo pasado y llev\u00f3 a la brutalidad del Holocausto. Hoy el rechazo tiene otras motivaciones externas, pero sigue siendo rechazo. Y \u00e9sa es la clave. A Israel no le perdonamos que sea jud\u00edo. Es una actitud similar a la del pastor que quiere quemar el Cor\u00e1n porque no perdona a Al Qaeda que se diga musulmana, cuando el problema es que es terrorista.<\/p>\n<!-- AddThis Advanced Settings generic via filter on the_content --><!-- AddThis Share Buttons generic via filter on the_content -->","protected":false},"excerpt":{"rendered":"<p>Espa\u00f1a sigue siendo antisemita. Sefarad no consigue ser una tierra amable para quienes la invocan como propia sin haber pasado por la pila bautismal. Al menos as\u00ed lo indica una encuesta presentada por el ministerio de Exteriores, la Casa Sefarad y la Federaci\u00f3n de Comunidades Jud\u00edas de Espa\u00f1a. Dice el estudio que uno de los [&hellip;]<!-- AddThis Advanced Settings generic via filter on get_the_excerpt --><!-- AddThis Share Buttons generic via filter on get_the_excerpt --><\/p>\n","protected":false},"author":6,"featured_media":0,"comment_status":"open","ping_status":"closed","sticky":false,"template":"","format":"standard","meta":[],"categories":[4],"tags":[98,148,169],"_links":{"self":[{"href":"https:\/\/blogs.lasprovincias.es\/mariajosepou\/wp-json\/wp\/v2\/posts\/460"}],"collection":[{"href":"https:\/\/blogs.lasprovincias.es\/mariajosepou\/wp-json\/wp\/v2\/posts"}],"about":[{"href":"https:\/\/blogs.lasprovincias.es\/mariajosepou\/wp-json\/wp\/v2\/types\/post"}],"author":[{"embeddable":true,"href":"https:\/\/blogs.lasprovincias.es\/mariajosepou\/wp-json\/wp\/v2\/users\/6"}],"replies":[{"embeddable":true,"href":"https:\/\/blogs.lasprovincias.es\/mariajosepou\/wp-json\/wp\/v2\/comments?post=460"}],"version-history":[{"count":0,"href":"https:\/\/blogs.lasprovincias.es\/mariajosepou\/wp-json\/wp\/v2\/posts\/460\/revisions"}],"wp:attachment":[{"href":"https:\/\/blogs.lasprovincias.es\/mariajosepou\/wp-json\/wp\/v2\/media?parent=460"}],"wp:term":[{"taxonomy":"category","embeddable":true,"href":"https:\/\/blogs.lasprovincias.es\/mariajosepou\/wp-json\/wp\/v2\/categories?post=460"},{"taxonomy":"post_tag","embeddable":true,"href":"https:\/\/blogs.lasprovincias.es\/mariajosepou\/wp-json\/wp\/v2\/tags?post=460"}],"curies":[{"name":"wp","href":"https:\/\/api.w.org\/{rel}","templated":true}]}}