{"id":463,"date":"2010-09-11T05:20:44","date_gmt":"2010-09-11T05:20:44","guid":{"rendered":"http:\/\/firmas.lasprovincias.es\/mariajosepou\/?p=463"},"modified":"2010-09-11T05:20:44","modified_gmt":"2010-09-11T05:20:44","slug":"farenheit-2010","status":"publish","type":"post","link":"https:\/\/blogs.lasprovincias.es\/mariajosepou\/2010\/09\/11\/farenheit-2010\/","title":{"rendered":"Farenheit 2010"},"content":{"rendered":"<p style=\"text-align: justify\"><a href=\"\/mariajosepou\/wp-content\/uploads\/sites\/4\/2010\/09\/bebelplatz_night_of_shame_monument1.jpg\"><img loading=\"lazy\" class=\"alignleft size-thumbnail wp-image-464\" src=\"\/mariajosepou\/wp-content\/uploads\/sites\/4\/2010\/09\/bebelplatz_night_of_shame_monument1.jpg\" alt=\"\" width=\"150\" height=\"150\" \/><\/a>Uno de los sitios que m\u00e1s me impresion\u00f3 cuando visit\u00e9 Berl\u00edn fue la Bebelplatz. Es una plaza junto a la Unter den Linden rodeada de edificios similares a los de la gran avenida imperial. Como en todas, una espera encontrar una fuente o una estatua en el centro, en cambio en \u00e9sta no hay nada.<\/p>\n<p style=\"text-align: justify\">Sin embargo all\u00ed se encuentra uno de los monumentos m\u00e1s significativos para la cultura occidental y tambi\u00e9n para quienes gustamos de las letras. Es un monumento que no se ve. No es una figura ni un monolito ni un obelisco. Es un cristal en el suelo. Y en \u00e9l se concentra una fuerza expresiva impresionante.<\/p>\n<p style=\"text-align: justify\">Cuando una se acerca y mira hacia abajo ve solo estanter\u00edas blancas completamente vac\u00edas. \u00c9se es el homenaje. El recuerdo de que en aquel lugar fueron quemados cientos de libros el 10 de mayo de 1933. Obra de las juventudes hitlerianas. Obra de la barbarie, de la intolerancia y de la regresi\u00f3n a las m\u00e1s oscuras \u00e9pocas de la historia.<\/p>\n<p style=\"text-align: justify\">La quema de libros no fue una prerrogativa del nazismo. Bien lo sabemos aqu\u00ed en Espa\u00f1a donde la Inquisici\u00f3n resolv\u00eda con el fuego su incapacidad para enfrentarse a la libertad de pensamiento. Lo hemos le\u00eddo cien veces en el Quijote, dispuestos el cura y el barbero a arrebatarle la locura de los libros de caballer\u00eda al pobre Alonso Quijano.<\/p>\n<p style=\"text-align: justify\">Y volvemos a encontrarnos con un absurdo Farenheit 451 de la mano de un pastor evang\u00e9lico en el papel de bombero quemalibros, lo que nos hace temer que nada ha cambiado. Seguimos queriendo olvidar una realidad reduciendo a cenizas los libros que hablan de ella. No hace tanto que Europa entera se estremeci\u00f3 cuando, durante la guerra de Bosnia, los serbios quemaron la biblioteca de Sarajevo. No era casualidad. Era un ataque premeditado a la cultura de aquellos a quienes quer\u00edan borrar del mapa. Quit\u00e1ndoles su cultura, pretend\u00edan hacerlos desaparecer.<\/p>\n<p style=\"text-align: justify\">Es cierto que el Cor\u00e1n es un libro pero su quema, de producirse, no solo ser\u00e1 una ofensa a los musulmanes sino a todos los que creen en una revelaci\u00f3n de Dios recogida en papel y tinta. Incluido el propio Jones.<\/p>\n<!-- AddThis Advanced Settings generic via filter on the_content --><!-- AddThis Share Buttons generic via filter on the_content -->","protected":false},"excerpt":{"rendered":"<p>Uno de los sitios que m\u00e1s me impresion\u00f3 cuando visit\u00e9 Berl\u00edn fue la Bebelplatz. Es una plaza junto a la Unter den Linden rodeada de edificios similares a los de la gran avenida imperial. Como en todas, una espera encontrar una fuente o una estatua en el centro, en cambio en \u00e9sta no hay nada. [&hellip;]<!-- AddThis Advanced Settings generic via filter on get_the_excerpt --><!-- AddThis Share Buttons generic via filter on get_the_excerpt --><\/p>\n","protected":false},"author":6,"featured_media":0,"comment_status":"open","ping_status":"closed","sticky":false,"template":"","format":"standard","meta":[],"categories":[4],"tags":[97,148,180],"_links":{"self":[{"href":"https:\/\/blogs.lasprovincias.es\/mariajosepou\/wp-json\/wp\/v2\/posts\/463"}],"collection":[{"href":"https:\/\/blogs.lasprovincias.es\/mariajosepou\/wp-json\/wp\/v2\/posts"}],"about":[{"href":"https:\/\/blogs.lasprovincias.es\/mariajosepou\/wp-json\/wp\/v2\/types\/post"}],"author":[{"embeddable":true,"href":"https:\/\/blogs.lasprovincias.es\/mariajosepou\/wp-json\/wp\/v2\/users\/6"}],"replies":[{"embeddable":true,"href":"https:\/\/blogs.lasprovincias.es\/mariajosepou\/wp-json\/wp\/v2\/comments?post=463"}],"version-history":[{"count":0,"href":"https:\/\/blogs.lasprovincias.es\/mariajosepou\/wp-json\/wp\/v2\/posts\/463\/revisions"}],"wp:attachment":[{"href":"https:\/\/blogs.lasprovincias.es\/mariajosepou\/wp-json\/wp\/v2\/media?parent=463"}],"wp:term":[{"taxonomy":"category","embeddable":true,"href":"https:\/\/blogs.lasprovincias.es\/mariajosepou\/wp-json\/wp\/v2\/categories?post=463"},{"taxonomy":"post_tag","embeddable":true,"href":"https:\/\/blogs.lasprovincias.es\/mariajosepou\/wp-json\/wp\/v2\/tags?post=463"}],"curies":[{"name":"wp","href":"https:\/\/api.w.org\/{rel}","templated":true}]}}