{"id":4649,"date":"2012-11-05T23:39:16","date_gmt":"2012-11-05T21:39:16","guid":{"rendered":"http:\/\/blogs.lasprovincias.es\/mariajosepou\/?p=4649"},"modified":"2012-11-05T23:39:16","modified_gmt":"2012-11-05T21:39:16","slug":"perplejidad-rusa","status":"publish","type":"post","link":"https:\/\/blogs.lasprovincias.es\/mariajosepou\/2012\/11\/05\/perplejidad-rusa\/","title":{"rendered":"Perplejidad rusa"},"content":{"rendered":"<p><a href=\"\/mariajosepou\/wp-content\/uploads\/sites\/4\/2012\/11\/Artur-Mas-ante-la-basilica-San_54354088834_51347059679_342_226.jpg\"><img loading=\"lazy\" class=\"alignleft size-medium wp-image-4650\" title=\"Artur-Mas-ante-la-basilica-San_54354088834_51347059679_342_226\" src=\"\/mariajosepou\/wp-content\/uploads\/sites\/4\/2012\/11\/Artur-Mas-ante-la-basilica-San_54354088834_51347059679_342_226.jpg\" alt=\"\" width=\"300\" height=\"198\" srcset=\"https:\/\/static-blogs.lasprovincias.es\/wp-content\/uploads\/sites\/4\/2012\/11\/Artur-Mas-ante-la-basilica-San_54354088834_51347059679_342_226.jpg 342w, https:\/\/static-blogs.lasprovincias.es\/wp-content\/uploads\/sites\/4\/2012\/11\/Artur-Mas-ante-la-basilica-San_54354088834_51347059679_342_226-300x198.jpg 300w\" sizes=\"(max-width: 300px) 100vw, 300px\" \/><\/a>Si Catalu\u00f1a perteneciera a los Estados Unidos de Am\u00e9rica ser\u00eda el \u00fanico que querr\u00eda salir en lugar de entrar. Son las ant\u00edpodas del movimiento que hay en Puerto Rico para superar la situaci\u00f3n actual de Estado Libre Asociado.<\/p>\n<p>All\u00ed les parece poco, como un hijo adulto que quiere decidir sobre el reparto de la herencia. Aqu\u00ed, demasiado, como el adolescente que solo piensa en huir de casa.<\/p>\n<p>Justo esta semana coinciden todos los procesos: Puerto Rico votar\u00e1 su relaci\u00f3n con Washington; los dem\u00e1s estadounidenses elegir\u00e1n presidente y Catalu\u00f1a encumbrar\u00e1 a Artur I de totes les R\u00fasies.<\/p>\n<p>El Gran Artur ya lo dijo ayer se\u00f1alando al Palacio de Invierno: \u201cNi los tribunales ni la Constituci\u00f3n parar\u00e1n el proceso soberanista\u201d. Por un momento pens\u00e9 que terminar\u00eda la frase con un \u201c\u00a1Ni Dios!\u201d pero no lo o\u00ed, quiz\u00e1s porque no es de recibo que un Profeta hable as\u00ed de quien le ha enviado.<\/p>\n<p>A ratos pienso que, a los pol\u00edticos, la campa\u00f1a los posee y les hace decir cosas que ni osar\u00edan pronunciar en otros momentos. La campa\u00f1a es una posesi\u00f3n diab\u00f3lica, por lo que ser\u00eda bueno que las jornadas electorales incluyeran exorcismo p\u00fablico. As\u00ed sabr\u00edamos que el elegido no hablar\u00e1 en arameo, blasfemar\u00e1 o girar\u00e1 la cabeza 360 grados como si tal cosa.<\/p>\n<p>Por lo dem\u00e1s el tono de libertador que ha adquirido Artur I casa mal con sus lujos junto al Kremlim. Sobre todo teniendo en cuenta que enlazan el Antiguo R\u00e9gimen directamente con el abuso de los nuevos ricos que sufre la Rusia actual. Sin interrupci\u00f3n ni paliativos. Dos castas. Dos formas de empobrecer al pueblo. Como si una revoluci\u00f3n bolchevique no hubiera hecho mella en esa sociedad.<\/p>\n<p>Es normal que Rusia no preste atenci\u00f3n. All\u00ed ya saben lo que es vivir sin servicios p\u00fablicos universales y de calidad. Lo que les sorprender\u00e1 es que un ciudadano libre asome por las estepas para pedir independencia. A ellos, que son esclavos de la \u00fanica dictadura europea aceptada por la UE.<\/p>\n<!-- AddThis Advanced Settings generic via filter on the_content --><!-- AddThis Share Buttons generic via filter on the_content -->","protected":false},"excerpt":{"rendered":"<p>Si Catalu\u00f1a perteneciera a los Estados Unidos de Am\u00e9rica ser\u00eda el \u00fanico que querr\u00eda salir en lugar de entrar. Son las ant\u00edpodas del movimiento que hay en Puerto Rico para superar la situaci\u00f3n actual de Estado Libre Asociado. All\u00ed les parece poco, como un hijo adulto que quiere decidir sobre el reparto de la herencia. [&hellip;]<!-- AddThis Advanced Settings generic via filter on get_the_excerpt --><!-- AddThis Share Buttons generic via filter on get_the_excerpt --><\/p>\n","protected":false},"author":6,"featured_media":0,"comment_status":"open","ping_status":"closed","sticky":false,"template":"","format":"standard","meta":[],"categories":[4],"tags":[37,118,126,136],"_links":{"self":[{"href":"https:\/\/blogs.lasprovincias.es\/mariajosepou\/wp-json\/wp\/v2\/posts\/4649"}],"collection":[{"href":"https:\/\/blogs.lasprovincias.es\/mariajosepou\/wp-json\/wp\/v2\/posts"}],"about":[{"href":"https:\/\/blogs.lasprovincias.es\/mariajosepou\/wp-json\/wp\/v2\/types\/post"}],"author":[{"embeddable":true,"href":"https:\/\/blogs.lasprovincias.es\/mariajosepou\/wp-json\/wp\/v2\/users\/6"}],"replies":[{"embeddable":true,"href":"https:\/\/blogs.lasprovincias.es\/mariajosepou\/wp-json\/wp\/v2\/comments?post=4649"}],"version-history":[{"count":0,"href":"https:\/\/blogs.lasprovincias.es\/mariajosepou\/wp-json\/wp\/v2\/posts\/4649\/revisions"}],"wp:attachment":[{"href":"https:\/\/blogs.lasprovincias.es\/mariajosepou\/wp-json\/wp\/v2\/media?parent=4649"}],"wp:term":[{"taxonomy":"category","embeddable":true,"href":"https:\/\/blogs.lasprovincias.es\/mariajosepou\/wp-json\/wp\/v2\/categories?post=4649"},{"taxonomy":"post_tag","embeddable":true,"href":"https:\/\/blogs.lasprovincias.es\/mariajosepou\/wp-json\/wp\/v2\/tags?post=4649"}],"curies":[{"name":"wp","href":"https:\/\/api.w.org\/{rel}","templated":true}]}}