{"id":466,"date":"2010-09-12T08:19:35","date_gmt":"2010-09-12T08:19:35","guid":{"rendered":"http:\/\/firmas.lasprovincias.es\/mariajosepou\/?p=466"},"modified":"2010-09-12T08:19:35","modified_gmt":"2010-09-12T08:19:35","slug":"el-safari-park","status":"publish","type":"post","link":"https:\/\/blogs.lasprovincias.es\/mariajosepou\/2010\/09\/12\/el-safari-park\/","title":{"rendered":"El Safari Park"},"content":{"rendered":"<p style=\"text-align: justify\"><a href=\"\/mariajosepou\/wp-content\/uploads\/sites\/4\/2010\/09\/Siberian_Tiger21.jpg\"><img loading=\"lazy\" class=\"alignleft size-medium wp-image-469\" src=\"\/mariajosepou\/wp-content\/uploads\/sites\/4\/2010\/09\/Siberian_Tiger21.jpg\" alt=\"\" width=\"300\" height=\"220\" srcset=\"https:\/\/static-blogs.lasprovincias.es\/wp-content\/uploads\/sites\/4\/2010\/09\/Siberian_Tiger21.jpg 477w, https:\/\/static-blogs.lasprovincias.es\/wp-content\/uploads\/sites\/4\/2010\/09\/Siberian_Tiger21-300x221.jpg 300w\" sizes=\"(max-width: 300px) 100vw, 300px\" \/><\/a>El paso del tiempo no solo se experimenta con dolores de rodilla o con lo mucho que cuesta reponerse de una noche de juerga. Tambi\u00e9n se constata con los cambios en las tiendas del barrio.<\/p>\n<p style=\"text-align: justify\">Ahora que lo raro es encontrar una tienda nueva porque la mayor\u00eda cierra o sobrevive cubriendo gastos, miro algunas persianas echadas y me sucede como a los mayores, que tienen m\u00e1s n\u00edtidos los recuerdos de la infancia que los de ayer.<\/p>\n<p style=\"text-align: justify\">As\u00ed, recuerdo mejor los comercios de hace treinta a\u00f1os que los de ahora: una tienda en la que vend\u00edan leche en botellas de cristal. Solo leche. Otra de frutos secos. Otra de pollos y huevos tan grandes que ahora equivaldr\u00edan a media docena. Y me sorprende que actualmente sea tan dif\u00edcil encontrar un ultramarinos (me encanta la palabra) cuando entonces no hab\u00eda uno sino varios para comprar lo mismo yogures que avecrem o papel higi\u00e9nico de aquel horrible del elefantito.<\/p>\n<p style=\"text-align: justify\">En esa infancia que sospechosamente evoco con nostalgia, est\u00e1n los domingos en Portaceli y el &#8220;viaje a \u00c1frica&#8221; en el Safari Park de Vergel, el mismo que ahora cierra tras 33 a\u00f1os mostrando a ni\u00f1os y mayores lo que era un le\u00f3n o una jirafa fuera de una jaula. Por entonces no hab\u00eda Bioparc ni documentales en 3D y la excursi\u00f3n al Safari Park era una jornada especial, tan especial que en el 850 de mi padre llev\u00e1bamos una pegatina que nos lo recordaba.<\/p>\n<p style=\"text-align: justify\">Por eso me apena la noticia del cierre mientras crecen el Bioparc y Terra Natura. No es que me parezca mal el cambio. Seguramente son opciones mejores, m\u00e1s modernas y mejor equipadas. Pero me pregunto a qu\u00e9 responde una duplicidad que obliga a desmantelar unas instalaciones anteriores. Es otra muestra del exceso de estos a\u00f1os, quiz\u00e1s. Si la oferta puede concentrarse en uno \u00bfpor qu\u00e9 construir dos con el riesgo de acabar en p\u00e9rdidas?<\/p>\n<p style=\"text-align: justify\">No es el \u00fanico caso. La misma pregunta me hice cuando se construy\u00f3 el Palau de les Arts existiendo el Palau de la M\u00fasica o el Valencia Street Circuit teniendo el de Cheste. Espero que no se repita aqu\u00ed lo de Vergel dentro de unos a\u00f1os.<\/p>\n<!-- AddThis Advanced Settings generic via filter on the_content --><!-- AddThis Share Buttons generic via filter on the_content -->","protected":false},"excerpt":{"rendered":"<p>El paso del tiempo no solo se experimenta con dolores de rodilla o con lo mucho que cuesta reponerse de una noche de juerga. Tambi\u00e9n se constata con los cambios en las tiendas del barrio. Ahora que lo raro es encontrar una tienda nueva porque la mayor\u00eda cierra o sobrevive cubriendo gastos, miro algunas persianas [&hellip;]<!-- AddThis Advanced Settings generic via filter on get_the_excerpt --><!-- AddThis Share Buttons generic via filter on get_the_excerpt --><\/p>\n","protected":false},"author":6,"featured_media":0,"comment_status":"open","ping_status":"closed","sticky":false,"template":"","format":"standard","meta":[],"categories":[4],"tags":[14],"_links":{"self":[{"href":"https:\/\/blogs.lasprovincias.es\/mariajosepou\/wp-json\/wp\/v2\/posts\/466"}],"collection":[{"href":"https:\/\/blogs.lasprovincias.es\/mariajosepou\/wp-json\/wp\/v2\/posts"}],"about":[{"href":"https:\/\/blogs.lasprovincias.es\/mariajosepou\/wp-json\/wp\/v2\/types\/post"}],"author":[{"embeddable":true,"href":"https:\/\/blogs.lasprovincias.es\/mariajosepou\/wp-json\/wp\/v2\/users\/6"}],"replies":[{"embeddable":true,"href":"https:\/\/blogs.lasprovincias.es\/mariajosepou\/wp-json\/wp\/v2\/comments?post=466"}],"version-history":[{"count":0,"href":"https:\/\/blogs.lasprovincias.es\/mariajosepou\/wp-json\/wp\/v2\/posts\/466\/revisions"}],"wp:attachment":[{"href":"https:\/\/blogs.lasprovincias.es\/mariajosepou\/wp-json\/wp\/v2\/media?parent=466"}],"wp:term":[{"taxonomy":"category","embeddable":true,"href":"https:\/\/blogs.lasprovincias.es\/mariajosepou\/wp-json\/wp\/v2\/categories?post=466"},{"taxonomy":"post_tag","embeddable":true,"href":"https:\/\/blogs.lasprovincias.es\/mariajosepou\/wp-json\/wp\/v2\/tags?post=466"}],"curies":[{"name":"wp","href":"https:\/\/api.w.org\/{rel}","templated":true}]}}