{"id":471,"date":"2010-09-13T07:28:42","date_gmt":"2010-09-13T07:28:42","guid":{"rendered":"http:\/\/firmas.lasprovincias.es\/mariajosepou\/?p=471"},"modified":"2010-09-13T07:28:42","modified_gmt":"2010-09-13T07:28:42","slug":"las-gafas-de-blanco","status":"publish","type":"post","link":"https:\/\/blogs.lasprovincias.es\/mariajosepou\/2010\/09\/13\/las-gafas-de-blanco\/","title":{"rendered":"Las gafas de Blanco"},"content":{"rendered":"<p style=\"text-align: justify\"><a href=\"\/mariajosepou\/wp-content\/uploads\/sites\/4\/2010\/09\/Jose_Blanco_ministro_Fomento1.jpg\"><img loading=\"lazy\" class=\"alignleft size-medium wp-image-472\" src=\"\/mariajosepou\/wp-content\/uploads\/sites\/4\/2010\/09\/Jose_Blanco_ministro_Fomento1.jpg\" alt=\"\" width=\"200\" height=\"300\" srcset=\"https:\/\/static-blogs.lasprovincias.es\/wp-content\/uploads\/sites\/4\/2010\/09\/Jose_Blanco_ministro_Fomento1.jpg 340w, https:\/\/static-blogs.lasprovincias.es\/wp-content\/uploads\/sites\/4\/2010\/09\/Jose_Blanco_ministro_Fomento1-201x300.jpg 201w\" sizes=\"(max-width: 200px) 100vw, 200px\" \/><\/a>Para ser presidente del Gobierno no es conveniente estar soltero ni usar gafas.<\/p>\n<p style=\"text-align: justify\">Lo del estado civil parece razonable pues la llegada al poder, por pronto que ocurra, se produce cuando la vida de los l\u00edderes ya est\u00e1 encauzada, tambi\u00e9n en lo sentimental. Sin embargo, incluso quienes est\u00e1n casados y a punto del divorcio procuran evitarlo en su carrera hasta la presidencia. No hay m\u00e1s que recordar a Sarkozy y Cecilia. \u00bfPor qu\u00e9? Es una pregunta estupenda para el ministerio de Igualdad.<\/p>\n<p style=\"text-align: justify\">Ya s\u00e9 que medir el liderazgo por el estado civil y, sobre todo, por el uso de gafas es una estupidez pero en Espa\u00f1a no ha habido ning\u00fan presidente que no estuviera casado y solo uno llevaba gafas al llegar al poder: Calvo Sotelo.<\/p>\n<p style=\"text-align: justify\">Don Leopoldo dur\u00f3 apenas a\u00f1o y medio y fue el \u00fanico al que dieron un golpe de Estado justo en el momento de conquistar la Moncloa. No dir\u00e9 que ese mal fario tuvo su origen en las lentes que calzaba para combatir la miop\u00eda aunque ser\u00eda \u00e9sta una buena explicaci\u00f3n para justificar que el pobre Rajoy no haya alcanzado nunca un escrutinio suficiente para gobernar.<\/p>\n<p style=\"text-align: justify\">Todo lo anterior podr\u00eda convertirse en una conspiraci\u00f3n oftalmol\u00f3gica que funcionar\u00eda en la cosmovisi\u00f3n esot\u00e9rica y m\u00e1gica de un gallego cl\u00e1sico pero no s\u00e9 si Jos\u00e9 Blanco cree en meigas y santas compa\u00f1as. Lo que est\u00e1 claro es que \u00e9l ha dado el campanazo medi\u00e1tico con su operaci\u00f3n de cataratas.<\/p>\n<p style=\"text-align: justify\">Y quiz\u00e1s marque tendencia. Una servidora, sin ir m\u00e1s lejos, est\u00e1 pensando en copiarle. No para alcanzar la Moncloa sino una vida liberada de gafas, lentes de contacto o mal rollito post-presbicia. Solo me detiene la duda de c\u00f3mo conseguir, en el futuro, hacerme pasar por lista si no llevo gafas.<\/p>\n<p style=\"text-align: justify\">Dicen que Blanco prepara su salto al top ten del gobierno a partir de una mejora cuidadosa de su imagen, uno de cuyos episodios ha sido su operaci\u00f3n de miop\u00eda, astigmatismo, cataratas y presbicia. Y me pregunto si ese razonamiento no ser\u00e1 un ejercicio de discriminaci\u00f3n hacia los usuarios de gafas. Si quit\u00e1rselas mejora su imagen y la rejuvenece \u00bfest\u00e1 llamando viejos y mal encarados a quienes llevamos?<\/p>\n<!-- AddThis Advanced Settings generic via filter on the_content --><!-- AddThis Share Buttons generic via filter on the_content -->","protected":false},"excerpt":{"rendered":"<p>Para ser presidente del Gobierno no es conveniente estar soltero ni usar gafas. Lo del estado civil parece razonable pues la llegada al poder, por pronto que ocurra, se produce cuando la vida de los l\u00edderes ya est\u00e1 encauzada, tambi\u00e9n en lo sentimental. Sin embargo, incluso quienes est\u00e1n casados y a punto del divorcio procuran [&hellip;]<!-- AddThis Advanced Settings generic via filter on get_the_excerpt --><!-- AddThis Share Buttons generic via filter on get_the_excerpt --><\/p>\n","protected":false},"author":6,"featured_media":0,"comment_status":"open","ping_status":"closed","sticky":false,"template":"","format":"standard","meta":[],"categories":[4],"tags":[90,136],"_links":{"self":[{"href":"https:\/\/blogs.lasprovincias.es\/mariajosepou\/wp-json\/wp\/v2\/posts\/471"}],"collection":[{"href":"https:\/\/blogs.lasprovincias.es\/mariajosepou\/wp-json\/wp\/v2\/posts"}],"about":[{"href":"https:\/\/blogs.lasprovincias.es\/mariajosepou\/wp-json\/wp\/v2\/types\/post"}],"author":[{"embeddable":true,"href":"https:\/\/blogs.lasprovincias.es\/mariajosepou\/wp-json\/wp\/v2\/users\/6"}],"replies":[{"embeddable":true,"href":"https:\/\/blogs.lasprovincias.es\/mariajosepou\/wp-json\/wp\/v2\/comments?post=471"}],"version-history":[{"count":0,"href":"https:\/\/blogs.lasprovincias.es\/mariajosepou\/wp-json\/wp\/v2\/posts\/471\/revisions"}],"wp:attachment":[{"href":"https:\/\/blogs.lasprovincias.es\/mariajosepou\/wp-json\/wp\/v2\/media?parent=471"}],"wp:term":[{"taxonomy":"category","embeddable":true,"href":"https:\/\/blogs.lasprovincias.es\/mariajosepou\/wp-json\/wp\/v2\/categories?post=471"},{"taxonomy":"post_tag","embeddable":true,"href":"https:\/\/blogs.lasprovincias.es\/mariajosepou\/wp-json\/wp\/v2\/tags?post=471"}],"curies":[{"name":"wp","href":"https:\/\/api.w.org\/{rel}","templated":true}]}}