{"id":474,"date":"2010-09-14T08:14:01","date_gmt":"2010-09-14T08:14:01","guid":{"rendered":"http:\/\/firmas.lasprovincias.es\/mariajosepou\/?p=474"},"modified":"2010-09-14T08:14:01","modified_gmt":"2010-09-14T08:14:01","slug":"trini-contra-rita","status":"publish","type":"post","link":"https:\/\/blogs.lasprovincias.es\/mariajosepou\/2010\/09\/14\/trini-contra-rita\/","title":{"rendered":"Trini contra Rita"},"content":{"rendered":"<p style=\"text-align: justify\"><a href=\"\/mariajosepou\/wp-content\/uploads\/sites\/4\/2010\/09\/alborch-gr.jpg\"><img loading=\"lazy\" class=\"alignleft size-medium wp-image-475\" src=\"\/mariajosepou\/wp-content\/uploads\/sites\/4\/2010\/09\/alborch-gr.jpg\" alt=\"\" width=\"300\" height=\"107\" \/><\/a>Desde que s\u00e9 que Carmen Alborch no va a repetir contra Rita en las municipales estoy en un dilema: no s\u00e9 si hacer campa\u00f1a a favor de Trini o de Tom\u00e1s G\u00f3mez. Ya s\u00e9 que en Valencia no se presenta ninguno de los dos pero no tengo fuerzas para desear a nadie maldici\u00f3n gitana tan grande como lidiar el miura de Rita.<\/p>\n<p style=\"text-align: justify\">\u00bfEs posible enfrentarse a ella y ganarle? Es cierto que Clementina R\u00f3denas lo consigui\u00f3 pero eran otros tiempos, otro puerto y otras alianzas en la Generalitat. Ahora cualquier que se ponga en el disparadero ha de ser o un pasante interesado en hacer m\u00e9ritos o un prejubilado, de los que han dejado la vida laboral por un ritmo slow para hacer cositas de vez en cuando.<\/p>\n<p style=\"text-align: justify\">Por eso pienso en Trini. Si dicen que los sondeos le conceden triunfos, glorias y oropeles, el PSOE deber\u00eda sobreexplotarla: \u00a1que lo gane todo! \u00bfPor qu\u00e9 conformarse solo con Madrid? Que amorticen sus candidatos y los pongan en tres o cuatro capitales de provincia y dos comunidades aut\u00f3nomas.<\/p>\n<p style=\"text-align: justify\">Yo me conformar\u00eda con no ver por estos lares el espect\u00e1culo socialista de Madrid. No es que me parezcan mal las primarias, ni las secundarias ni las terciarias capuchinas. Lo mismo me da. Lo que me resulta feo son los modos que ellos, su entorno o sus pregoneros se gastan para justificar la elecci\u00f3n de uno u otro. Por ejemplo, el argumento ya mencionado del tir\u00f3n electoral. Si por eso fuera, nunca perder\u00edan unas elecciones pues el sondeo actuar\u00eda como las varillas de un zahor\u00ed se\u00f1alando nerviosas la localizaci\u00f3n de un candidato exitoso.<\/p>\n<p style=\"text-align: justify\">Adem\u00e1s, la raz\u00f3n ofrecida para apoyar a Trini evidencia, m\u00e1s si cabe, que para los partidos la \u00fanica raz\u00f3n de ser es el triunfo electoral. Incluso por encima de aquello que desean quienes forman una agrupaci\u00f3n local o el propio partido. El elegido por las bases, si no tiene perspectivas de \u00e9xito, debe renunciar. \u00bfHemos de entender as\u00ed la victoria de ZP sobre Bono hace ya mucho mucho tiempo? Quiero pensar que no porque si no \u00bfqu\u00e9 son las primarias si no importan los deseos de los militantes? \u00bfUn parip\u00e9?<\/p>\n<!-- AddThis Advanced Settings generic via filter on the_content --><!-- AddThis Share Buttons generic via filter on the_content -->","protected":false},"excerpt":{"rendered":"<p>Desde que s\u00e9 que Carmen Alborch no va a repetir contra Rita en las municipales estoy en un dilema: no s\u00e9 si hacer campa\u00f1a a favor de Trini o de Tom\u00e1s G\u00f3mez. Ya s\u00e9 que en Valencia no se presenta ninguno de los dos pero no tengo fuerzas para desear a nadie maldici\u00f3n gitana tan [&hellip;]<!-- AddThis Advanced Settings generic via filter on get_the_excerpt --><!-- AddThis Share Buttons generic via filter on get_the_excerpt --><\/p>\n","protected":false},"author":6,"featured_media":0,"comment_status":"open","ping_status":"closed","sticky":false,"template":"","format":"standard","meta":[],"categories":[4],"tags":[136,152],"_links":{"self":[{"href":"https:\/\/blogs.lasprovincias.es\/mariajosepou\/wp-json\/wp\/v2\/posts\/474"}],"collection":[{"href":"https:\/\/blogs.lasprovincias.es\/mariajosepou\/wp-json\/wp\/v2\/posts"}],"about":[{"href":"https:\/\/blogs.lasprovincias.es\/mariajosepou\/wp-json\/wp\/v2\/types\/post"}],"author":[{"embeddable":true,"href":"https:\/\/blogs.lasprovincias.es\/mariajosepou\/wp-json\/wp\/v2\/users\/6"}],"replies":[{"embeddable":true,"href":"https:\/\/blogs.lasprovincias.es\/mariajosepou\/wp-json\/wp\/v2\/comments?post=474"}],"version-history":[{"count":0,"href":"https:\/\/blogs.lasprovincias.es\/mariajosepou\/wp-json\/wp\/v2\/posts\/474\/revisions"}],"wp:attachment":[{"href":"https:\/\/blogs.lasprovincias.es\/mariajosepou\/wp-json\/wp\/v2\/media?parent=474"}],"wp:term":[{"taxonomy":"category","embeddable":true,"href":"https:\/\/blogs.lasprovincias.es\/mariajosepou\/wp-json\/wp\/v2\/categories?post=474"},{"taxonomy":"post_tag","embeddable":true,"href":"https:\/\/blogs.lasprovincias.es\/mariajosepou\/wp-json\/wp\/v2\/tags?post=474"}],"curies":[{"name":"wp","href":"https:\/\/api.w.org\/{rel}","templated":true}]}}