{"id":4758,"date":"2012-12-18T21:00:41","date_gmt":"2012-12-18T19:00:41","guid":{"rendered":"http:\/\/blogs.lasprovincias.es\/mariajosepou\/?p=4758"},"modified":"2012-12-18T21:00:41","modified_gmt":"2012-12-18T19:00:41","slug":"el-final-de-sintel","status":"publish","type":"post","link":"https:\/\/blogs.lasprovincias.es\/mariajosepou\/2012\/12\/18\/el-final-de-sintel\/","title":{"rendered":"El final de Sintel"},"content":{"rendered":"<p><a href=\"\/mariajosepou\/wp-content\/uploads\/sites\/4\/2012\/12\/fotonoticia_20120614194202_500.jpg\"><img loading=\"lazy\" class=\"alignleft size-medium wp-image-4759\" title=\"fotonoticia_20120614194202_500\" src=\"\/mariajosepou\/wp-content\/uploads\/sites\/4\/2012\/12\/fotonoticia_20120614194202_500.jpg\" alt=\"\" width=\"300\" height=\"240\" srcset=\"https:\/\/static-blogs.lasprovincias.es\/wp-content\/uploads\/sites\/4\/2012\/12\/fotonoticia_20120614194202_500.jpg 500w, https:\/\/static-blogs.lasprovincias.es\/wp-content\/uploads\/sites\/4\/2012\/12\/fotonoticia_20120614194202_500-300x240.jpg 300w\" sizes=\"(max-width: 300px) 100vw, 300px\" \/><\/a>Dicen los que saben de esto que \u201cm\u00e1s vale un mal acuerdo que un buen pleito\u201d. Doy por hecho que tienen raz\u00f3n y que el acuerdo extrajudicial de Sintel es beneficioso para ambas partes pero en estos casos los pactos me dejan con cierta insatisfacci\u00f3n, sobre todo, cuando se trata de trabajadores que perdieron su empleo sin hacer nada para merecerlo y de la noche a la ma\u00f1ana.<\/p>\n<p>35 millones es lo que les ofrecen. 15.000 euros por cabeza. No s\u00e9 si es mucho o poco pero a m\u00ed, despu\u00e9s de su acampada en la Castellana, la d\u00e9cada que ha pasado y los dineros que parece que salieron a alg\u00fan para\u00edso fiscal, me parece poco.<\/p>\n<p>Sin embargo, lo que me descorazona no es que la indemnizaci\u00f3n sea justa o injusta. Ellos lo sabr\u00e1n mejor que nadie y sus letrados intentar\u00e1n conseguir el m\u00e1ximo posible. La cuesti\u00f3n es que, a cambio, retirar\u00e1n los cargos contra los directivos. Y es ah\u00ed donde duele.<\/p>\n<p>No s\u00e9 si son culpables pero que una empresa p\u00fablica se malvenda, se descapitalice y deje sin trabajo a la plantilla sin calcular el coste y sin pagar a proveedores requiere ciertas responsabilidades que van mucho m\u00e1s all\u00e1 de pagar una miseria a los afectados.<\/p>\n<p>Me preocupa, adem\u00e1s, esa dilataci\u00f3n del proceso en el tiempo. Alg\u00fan aforismo hay al respecto de lo injusta que es una justicia lenta. No lo digo solo por el hecho de prolongar sufrimientos o posponer reparaciones. Me remito a ello porque me preocupar\u00eda que la actitud de una gran empresa, una gran corporaci\u00f3n bancaria o una multinacional fuera la de prolongar para desgastar. Esto es, dar por hecho que los afectados, pobres mortales, acabar\u00e1n por rendirse o, lo que es lo mismo, por aceptar cualquier cosa con tal de que se les pague algo.<\/p>\n<p>A eso me suena el acuerdo, los 35 millones de euros y el beneficio exigido para los directivos. No ser\u00eda descabellado. Las grandes entidades pueden soportar a\u00f1os de espera; los ciudadanos en paro, enfermos o desahuciados, no.<\/p>\n<!-- AddThis Advanced Settings generic via filter on the_content --><!-- AddThis Share Buttons generic via filter on the_content -->","protected":false},"excerpt":{"rendered":"<p>Dicen los que saben de esto que \u201cm\u00e1s vale un mal acuerdo que un buen pleito\u201d. Doy por hecho que tienen raz\u00f3n y que el acuerdo extrajudicial de Sintel es beneficioso para ambas partes pero en estos casos los pactos me dejan con cierta insatisfacci\u00f3n, sobre todo, cuando se trata de trabajadores que perdieron su [&hellip;]<!-- AddThis Advanced Settings generic via filter on get_the_excerpt --><!-- AddThis Share Buttons generic via filter on get_the_excerpt --><\/p>\n","protected":false},"author":6,"featured_media":0,"comment_status":"open","ping_status":"closed","sticky":false,"template":"","format":"standard","meta":[],"categories":[4],"tags":[53,65,102],"_links":{"self":[{"href":"https:\/\/blogs.lasprovincias.es\/mariajosepou\/wp-json\/wp\/v2\/posts\/4758"}],"collection":[{"href":"https:\/\/blogs.lasprovincias.es\/mariajosepou\/wp-json\/wp\/v2\/posts"}],"about":[{"href":"https:\/\/blogs.lasprovincias.es\/mariajosepou\/wp-json\/wp\/v2\/types\/post"}],"author":[{"embeddable":true,"href":"https:\/\/blogs.lasprovincias.es\/mariajosepou\/wp-json\/wp\/v2\/users\/6"}],"replies":[{"embeddable":true,"href":"https:\/\/blogs.lasprovincias.es\/mariajosepou\/wp-json\/wp\/v2\/comments?post=4758"}],"version-history":[{"count":0,"href":"https:\/\/blogs.lasprovincias.es\/mariajosepou\/wp-json\/wp\/v2\/posts\/4758\/revisions"}],"wp:attachment":[{"href":"https:\/\/blogs.lasprovincias.es\/mariajosepou\/wp-json\/wp\/v2\/media?parent=4758"}],"wp:term":[{"taxonomy":"category","embeddable":true,"href":"https:\/\/blogs.lasprovincias.es\/mariajosepou\/wp-json\/wp\/v2\/categories?post=4758"},{"taxonomy":"post_tag","embeddable":true,"href":"https:\/\/blogs.lasprovincias.es\/mariajosepou\/wp-json\/wp\/v2\/tags?post=4758"}],"curies":[{"name":"wp","href":"https:\/\/api.w.org\/{rel}","templated":true}]}}