{"id":4760,"date":"2012-12-19T21:03:48","date_gmt":"2012-12-19T19:03:48","guid":{"rendered":"http:\/\/blogs.lasprovincias.es\/mariajosepou\/?p=4760"},"modified":"2012-12-19T21:03:48","modified_gmt":"2012-12-19T19:03:48","slug":"pobre-de-mi","status":"publish","type":"post","link":"https:\/\/blogs.lasprovincias.es\/mariajosepou\/2012\/12\/19\/pobre-de-mi\/","title":{"rendered":"Pobre de m\u00ed"},"content":{"rendered":"<p><a href=\"\/mariajosepou\/wp-content\/uploads\/sites\/4\/2012\/12\/Maria-Dolores-de-Cospedal-la-s_54355643506_51351706917_600_226.jpg\"><img loading=\"lazy\" class=\"alignleft size-medium wp-image-4761\" title=\"Maria-Dolores-de-Cospedal-la-s_54355643506_51351706917_600_226\" src=\"\/mariajosepou\/wp-content\/uploads\/sites\/4\/2012\/12\/Maria-Dolores-de-Cospedal-la-s_54355643506_51351706917_600_226.jpg\" alt=\"\" width=\"300\" height=\"113\" srcset=\"https:\/\/static-blogs.lasprovincias.es\/wp-content\/uploads\/sites\/4\/2012\/12\/Maria-Dolores-de-Cospedal-la-s_54355643506_51351706917_600_226.jpg 600w, https:\/\/static-blogs.lasprovincias.es\/wp-content\/uploads\/sites\/4\/2012\/12\/Maria-Dolores-de-Cospedal-la-s_54355643506_51351706917_600_226-300x113.jpg 300w\" sizes=\"(max-width: 300px) 100vw, 300px\" \/><\/a>Entre entonar el \u201cmea culpa\u201d, que es signo de arrepentimiento, y entonar el \u201cpobre de m\u00ed\u201d, que es se\u00f1al de tristeza al finalizar los sanfermines, hay un abismo. No es solo por el grado de alcohol en sangre con el que se suele cantar uno u otro, sino porque, con el primero, el sujeto tiene el convencimiento de haber hecho algo mal mientras que, con el segundo, solo muestra pena pero no siente responsabilidad alguna en ella.<\/p>\n<p>Es la misma diferencia que hay entre los lamentos que estos d\u00edas estamos escuchando por boca del Partido Popular y lo que todos los espa\u00f1oles quisi\u00e9ramos o\u00edr de nuestros pol\u00edticos.<\/p>\n<p>Con motivo del primer a\u00f1o de legislatura tanto a Rajoy como a M\u00aa Dolores de Cospedal se les ha escuchado reconocer que los tiempos son duros y las medidas, dolorosas.<\/p>\n<p>Es de agradecer que los pol\u00edticos muestren su capacidad para saber que la patada en la espinilla que nos dan cada media hora es posible que nos duela. Lo que me molesta, personalmente, es que el tono sea expositivo: \u201csaben\u201d que nos hacen da\u00f1o, e incluso parecen lamentarlo, pero no pasa de ser la constataci\u00f3n de un dato. No se les ve afectados ni acongojados. Ni siquiera se aproxima al gesto de la ministra italiana de trabajo a la que se les escaparon unas l\u00e1grimas. Escasas. Quiz\u00e1s sobreactuadas. Pero bals\u00e1micas.<\/p>\n<p>Entre nuestros pol\u00edticos se ve cierta preocupaci\u00f3n por nuestro dolor pero no como quien nota el pinchazo en carne propia sino como quien calcula el coste futuro de ese da\u00f1o. Est\u00e1 m\u00e1s cerca, pues, del \u201cpobre de m\u00ed\u201d pamplonica que del \u201cmea culpa\u201d.<\/p>\n<p>Sin embargo, lo que necesitamos los ciudadanos es esto \u00faltimo. No basta con que se\u00f1alen al contrario. \u00c9l tendr\u00e1 su cuota de responsabilidad pero todos son responsables de la burbuja inmobiliaria, del endeudamiento excesivo y de la falta de control bancario.<\/p>\n<p>No han bajado de una nube hace un rato sino que ya estaban aqu\u00ed cuando empez\u00f3 a cavarse la fosa en la que estamos.<\/p>\n<!-- AddThis Advanced Settings generic via filter on the_content --><!-- AddThis Share Buttons generic via filter on the_content -->","protected":false},"excerpt":{"rendered":"<p>Entre entonar el \u201cmea culpa\u201d, que es signo de arrepentimiento, y entonar el \u201cpobre de m\u00ed\u201d, que es se\u00f1al de tristeza al finalizar los sanfermines, hay un abismo. No es solo por el grado de alcohol en sangre con el que se suele cantar uno u otro, sino porque, con el primero, el sujeto tiene [&hellip;]<!-- AddThis Advanced Settings generic via filter on get_the_excerpt --><!-- AddThis Share Buttons generic via filter on get_the_excerpt --><\/p>\n","protected":false},"author":6,"featured_media":0,"comment_status":"open","ping_status":"closed","sticky":false,"template":"","format":"standard","meta":[],"categories":[4],"tags":[54,143],"_links":{"self":[{"href":"https:\/\/blogs.lasprovincias.es\/mariajosepou\/wp-json\/wp\/v2\/posts\/4760"}],"collection":[{"href":"https:\/\/blogs.lasprovincias.es\/mariajosepou\/wp-json\/wp\/v2\/posts"}],"about":[{"href":"https:\/\/blogs.lasprovincias.es\/mariajosepou\/wp-json\/wp\/v2\/types\/post"}],"author":[{"embeddable":true,"href":"https:\/\/blogs.lasprovincias.es\/mariajosepou\/wp-json\/wp\/v2\/users\/6"}],"replies":[{"embeddable":true,"href":"https:\/\/blogs.lasprovincias.es\/mariajosepou\/wp-json\/wp\/v2\/comments?post=4760"}],"version-history":[{"count":0,"href":"https:\/\/blogs.lasprovincias.es\/mariajosepou\/wp-json\/wp\/v2\/posts\/4760\/revisions"}],"wp:attachment":[{"href":"https:\/\/blogs.lasprovincias.es\/mariajosepou\/wp-json\/wp\/v2\/media?parent=4760"}],"wp:term":[{"taxonomy":"category","embeddable":true,"href":"https:\/\/blogs.lasprovincias.es\/mariajosepou\/wp-json\/wp\/v2\/categories?post=4760"},{"taxonomy":"post_tag","embeddable":true,"href":"https:\/\/blogs.lasprovincias.es\/mariajosepou\/wp-json\/wp\/v2\/tags?post=4760"}],"curies":[{"name":"wp","href":"https:\/\/api.w.org\/{rel}","templated":true}]}}