{"id":4763,"date":"2012-12-20T23:59:45","date_gmt":"2012-12-20T21:59:45","guid":{"rendered":"http:\/\/blogs.lasprovincias.es\/mariajosepou\/?p=4763"},"modified":"2012-12-20T23:59:45","modified_gmt":"2012-12-20T21:59:45","slug":"primera-clase","status":"publish","type":"post","link":"https:\/\/blogs.lasprovincias.es\/mariajosepou\/2012\/12\/20\/primera-clase\/","title":{"rendered":"Primera clase"},"content":{"rendered":"<p><a href=\"\/mariajosepou\/wp-content\/uploads\/sites\/4\/2012\/12\/moliner-fuera.jpg\"><img loading=\"lazy\" class=\"alignleft size-medium wp-image-4764\" title=\"moliner-fuera\" src=\"\/mariajosepou\/wp-content\/uploads\/sites\/4\/2012\/12\/moliner-fuera.jpg\" alt=\"\" width=\"300\" height=\"182\" srcset=\"https:\/\/static-blogs.lasprovincias.es\/wp-content\/uploads\/sites\/4\/2012\/12\/moliner-fuera.jpg 650w, https:\/\/static-blogs.lasprovincias.es\/wp-content\/uploads\/sites\/4\/2012\/12\/moliner-fuera-300x183.jpg 300w\" sizes=\"(max-width: 300px) 100vw, 300px\" \/><\/a>Cuando veo a un famoso en primera clase digo: \u201c\u00a1mira, es Fulano!\u201d. Cuando lo veo en turista, en cambio, pienso: \u201cmira, Fulano viaja con nosotros\u201d. O sea, en primera pienso en que es un famoso con dinero; en segunda, un famoso majete. Y gana puntos.<\/p>\n<p>Lo digo por las declaraciones de Gonzalo Moliner, el nuevo presidente del Tribunal Supremo, seg\u00fan las cuales viajar en turista \u201cno da buena imagen de la instituci\u00f3n\u201d. No s\u00e9 c\u00f3mo calcular\u00e1 \u00e9l la imagen de los dem\u00e1s o de las instituciones pero lo que pensara hace cinco o seis a\u00f1os ya no vale para la actualidad. Y algo me dice que no se ha actualizado.<\/p>\n<p>Su comentario me retrotrae al Antiguo R\u00e9gimen cuando los se\u00f1ores deb\u00edan viajar en carroza, coche de caballos o simplemente a caballo porque lo de ir a pie era cosa de pobres.<\/p>\n<p>Para el juez no poder ir en primera clase cuando viaja en AVE perjudica al Supremo y yo me pregunto por qu\u00e9. \u00bfEs quiz\u00e1s porque sus responsables parecen menesterosos o taca\u00f1os o porque parecen humanos, sin m\u00e1s? \u00bfPierde el Supremo autoridad por recortar gastos no esenciales cuando a los ciudadanos nos han acribillado con nuevas tasas judiciales?<\/p>\n<p>Si es porque parece de la cofrad\u00eda del pu\u00f1o, no deber\u00eda preocuparse. Paga la casa. O sea, nosotros. As\u00ed, pues, ir en turista es enviar un mensaje a sus \u201cpatrocinadores\u201d dici\u00e9ndoles \u201cya lo ven, ahorramos hasta el \u00faltimo c\u00e9ntimo\u201d.<\/p>\n<p>Dudo de que, tal y como est\u00e1n las cosas, haya alguien ante quien desmerezca ese gesto. Antes al contrario, lo que nos da una p\u00e9sima imagen de la Justicia es que su antecesor, Carlos D\u00edvar, se fuera de weekend a Marbella gracias a nuestra buena fe y nuestros inocentes bolsillos.<\/p>\n<p>La imagen de cualquier instituci\u00f3n o personaje p\u00fablico, en estos momentos, solo gana cuando se le ve preocupado por no ser una carga a los ciudadanos, por servirles hasta la extenuaci\u00f3n y por agradecerles su confianza. En definitiva, por ser una instituci\u00f3n de primera clase. Moral.<\/p>\n<!-- AddThis Advanced Settings generic via filter on the_content --><!-- AddThis Share Buttons generic via filter on the_content -->","protected":false},"excerpt":{"rendered":"<p>Cuando veo a un famoso en primera clase digo: \u201c\u00a1mira, es Fulano!\u201d. Cuando lo veo en turista, en cambio, pienso: \u201cmira, Fulano viaja con nosotros\u201d. O sea, en primera pienso en que es un famoso con dinero; en segunda, un famoso majete. Y gana puntos. Lo digo por las declaraciones de Gonzalo Moliner, el nuevo [&hellip;]<!-- AddThis Advanced Settings generic via filter on get_the_excerpt --><!-- AddThis Share Buttons generic via filter on get_the_excerpt --><\/p>\n","protected":false},"author":6,"featured_media":0,"comment_status":"open","ping_status":"closed","sticky":false,"template":"","format":"standard","meta":[],"categories":[4],"tags":[54,62,102],"_links":{"self":[{"href":"https:\/\/blogs.lasprovincias.es\/mariajosepou\/wp-json\/wp\/v2\/posts\/4763"}],"collection":[{"href":"https:\/\/blogs.lasprovincias.es\/mariajosepou\/wp-json\/wp\/v2\/posts"}],"about":[{"href":"https:\/\/blogs.lasprovincias.es\/mariajosepou\/wp-json\/wp\/v2\/types\/post"}],"author":[{"embeddable":true,"href":"https:\/\/blogs.lasprovincias.es\/mariajosepou\/wp-json\/wp\/v2\/users\/6"}],"replies":[{"embeddable":true,"href":"https:\/\/blogs.lasprovincias.es\/mariajosepou\/wp-json\/wp\/v2\/comments?post=4763"}],"version-history":[{"count":0,"href":"https:\/\/blogs.lasprovincias.es\/mariajosepou\/wp-json\/wp\/v2\/posts\/4763\/revisions"}],"wp:attachment":[{"href":"https:\/\/blogs.lasprovincias.es\/mariajosepou\/wp-json\/wp\/v2\/media?parent=4763"}],"wp:term":[{"taxonomy":"category","embeddable":true,"href":"https:\/\/blogs.lasprovincias.es\/mariajosepou\/wp-json\/wp\/v2\/categories?post=4763"},{"taxonomy":"post_tag","embeddable":true,"href":"https:\/\/blogs.lasprovincias.es\/mariajosepou\/wp-json\/wp\/v2\/tags?post=4763"}],"curies":[{"name":"wp","href":"https:\/\/api.w.org\/{rel}","templated":true}]}}