{"id":4765,"date":"2012-12-21T00:40:03","date_gmt":"2012-12-20T22:40:03","guid":{"rendered":"http:\/\/blogs.lasprovincias.es\/mariajosepou\/?p=4765"},"modified":"2012-12-21T00:40:03","modified_gmt":"2012-12-20T22:40:03","slug":"la-voz-de-los-gitanos","status":"publish","type":"post","link":"https:\/\/blogs.lasprovincias.es\/mariajosepou\/2012\/12\/21\/la-voz-de-los-gitanos\/","title":{"rendered":"La Voz de los gitanos"},"content":{"rendered":"<p><a href=\"\/mariajosepou\/wp-content\/uploads\/sites\/4\/2012\/12\/jorge_lavoz-644x362.jpg\"><img loading=\"lazy\" class=\"alignleft size-medium wp-image-4766\" title=\"jorge_lavoz--644x362\" src=\"\/mariajosepou\/wp-content\/uploads\/sites\/4\/2012\/12\/jorge_lavoz.jpg\" alt=\"\" width=\"300\" height=\"168\" \/><\/a>\u00daltimamente, en lugar de ver la tele, veo los programas en el ordenador. No me refiero solo a que los vea en streaming sino a que los sigo a trav\u00e9s de lo que se dice en las redes sociales.<\/p>\n<p>Eso hice con la final de La Voz, uno de los programas m\u00e1s vistos de la temporada. Dado que se trataba de cantar, yo hac\u00eda mis propias \u201caudiciones a ciegas\u201d, escuchando a los finalistas mientras le\u00eda lo que la gente escrib\u00eda en Twitter.<\/p>\n<p>La experiencia de los debates electorales me daba esperanzas de diversi\u00f3n. Nada ayuda a sobrellevar mejor lo sopor\u00edfero, largo o lento como comentar con miles de contertulios lo que va sucediendo. A los debates electorales me remito.<\/p>\n<p>Sin embargo, en esta ocasi\u00f3n hubo algo que me amarg\u00f3 la noche. Cosas como \u00e9stas: \u201cUn viejo llor\u00f3n&#8230;un gitano maric\u00f3n&#8230;un heavy de pacotilla y una Orco bollera &#8230;pero que co\u00f1o de final es esta??\u201d; \u201csi esto lo decide el publico esta claro quien gana, gitanos hay muchos y esta semana se han hinchado a robar telefonos&#8230;\u201d o bien \u201cJorge ha pedido que adelanten la #FinallaVoz porque ma\u00f1ana madruga mucho para ir a buscar chatarra con la fregoneta\u201d. (Las tildes ausentes ven\u00edan as\u00ed de f\u00e1brica, no es error de la amanuense).<\/p>\n<p>El problema de las redes sociales es que se parece demasiado a una barra de bar: barriobajera y faltona, si lo es su clientela. Sin embargo, no me preocupa Twitter. Lo malo no es que se escriba sino que se piense as\u00ed.<\/p>\n<p>Dej\u00e9 de leer. Es cierto que no era todo igual pero un solo comentario de ese cariz ya me produc\u00eda acidez. Llevamos d\u00e9cadas de esfuerzo en este pa\u00eds para eliminar los estereotipos, los clich\u00e9s y los prejuicios contra gitanos, gays o ancianos y de pronto aparece la Espa\u00f1a profunda y profundamente negra.<\/p>\n<p>As\u00ed es Twitter. Un lugar donde lo mismo encuentras un verso de Lorca sobre el Camboiro, \u201cMoreno de verde luna\/anda despacio y garboso\u201d que un exabrupto rastrero sobre un concursante gitano. Triste Espa\u00f1a \u00e9sta.<\/p>\n<!-- AddThis Advanced Settings generic via filter on the_content --><!-- AddThis Share Buttons generic via filter on the_content -->","protected":false},"excerpt":{"rendered":"<p>\u00daltimamente, en lugar de ver la tele, veo los programas en el ordenador. No me refiero solo a que los vea en streaming sino a que los sigo a trav\u00e9s de lo que se dice en las redes sociales. Eso hice con la final de La Voz, uno de los programas m\u00e1s vistos de la [&hellip;]<!-- AddThis Advanced Settings generic via filter on get_the_excerpt --><!-- AddThis Share Buttons generic via filter on get_the_excerpt --><\/p>\n","protected":false},"author":6,"featured_media":0,"comment_status":"open","ping_status":"closed","sticky":false,"template":"","format":"standard","meta":[],"categories":[4],"tags":[62,166,168],"_links":{"self":[{"href":"https:\/\/blogs.lasprovincias.es\/mariajosepou\/wp-json\/wp\/v2\/posts\/4765"}],"collection":[{"href":"https:\/\/blogs.lasprovincias.es\/mariajosepou\/wp-json\/wp\/v2\/posts"}],"about":[{"href":"https:\/\/blogs.lasprovincias.es\/mariajosepou\/wp-json\/wp\/v2\/types\/post"}],"author":[{"embeddable":true,"href":"https:\/\/blogs.lasprovincias.es\/mariajosepou\/wp-json\/wp\/v2\/users\/6"}],"replies":[{"embeddable":true,"href":"https:\/\/blogs.lasprovincias.es\/mariajosepou\/wp-json\/wp\/v2\/comments?post=4765"}],"version-history":[{"count":0,"href":"https:\/\/blogs.lasprovincias.es\/mariajosepou\/wp-json\/wp\/v2\/posts\/4765\/revisions"}],"wp:attachment":[{"href":"https:\/\/blogs.lasprovincias.es\/mariajosepou\/wp-json\/wp\/v2\/media?parent=4765"}],"wp:term":[{"taxonomy":"category","embeddable":true,"href":"https:\/\/blogs.lasprovincias.es\/mariajosepou\/wp-json\/wp\/v2\/categories?post=4765"},{"taxonomy":"post_tag","embeddable":true,"href":"https:\/\/blogs.lasprovincias.es\/mariajosepou\/wp-json\/wp\/v2\/tags?post=4765"}],"curies":[{"name":"wp","href":"https:\/\/api.w.org\/{rel}","templated":true}]}}