{"id":477,"date":"2010-09-15T06:34:27","date_gmt":"2010-09-15T06:34:27","guid":{"rendered":"http:\/\/firmas.lasprovincias.es\/mariajosepou\/?p=477"},"modified":"2010-09-15T06:34:27","modified_gmt":"2010-09-15T06:34:27","slug":"prescindir-del-jefe","status":"publish","type":"post","link":"https:\/\/blogs.lasprovincias.es\/mariajosepou\/2010\/09\/15\/prescindir-del-jefe\/","title":{"rendered":"Prescindir del jefe"},"content":{"rendered":"<p style=\"text-align: justify\"><a href=\"\/mariajosepou\/wp-content\/uploads\/sites\/4\/2010\/09\/2010090183ryanair_int1.jpg\"><img loading=\"lazy\" class=\"alignleft size-medium wp-image-478\" src=\"\/mariajosepou\/wp-content\/uploads\/sites\/4\/2010\/09\/2010090183ryanair_int1.jpg\" alt=\"\" width=\"300\" height=\"150\" \/><\/a>No es habitual que un trabajador se meta con su jefe en p\u00fablico. No, al menos, de forma manifiesta y firmada, con nombres y apellidos. Lo normal es que se critique haciendo uso del anonimato o, en todo caso, de la met\u00e1fora, la iron\u00eda o el juego de palabras para no alterar la vara de mando y que se torne da\u00f1ina.<\/p>\n<p style=\"text-align: justify\">Por eso me ha sorprendido la reacci\u00f3n de Morgan Fischer, comandante de la aerol\u00ednea Ryanair, que ha propuesto cambiar al presidente de la compa\u00f1\u00eda, Michael O&#8217;Leary, por un auxiliar de vuelo, tras su propuesta de dejar que sus aviones vuelen con un solo piloto.<\/p>\n<p style=\"text-align: justify\">Si el objetivo es ahorrar, dice Fischer, m\u00e1s se ahorrar\u00eda en sueldos, beneficios y prebendas si el m\u00e1ximo directivo de su empresa fuera un auxiliar. Ante una declaraci\u00f3n de ese tipo, lo normal ser\u00eda un despido fulminante, sin embargo, O&#8217;Leary se lo ha tomado con humor y ha dicho que sin duda un auxiliar ser\u00eda m\u00e1s atractivo que \u00e9l. De un plumazo se ha enemistado no solo con los pilotos sino tambi\u00e9n con los auxiliares, aunque no parece que le importe.<\/p>\n<p style=\"text-align: justify\">La cuesti\u00f3n es que la crisis nos est\u00e1 llevando al otro extremo del p\u00e9ndulo entre el derroche y el ahorro. Hace cinco a\u00f1os no hac\u00eda falta medir lo necesario y ahorrar lo sobrante; ahora, hasta lo imprescindible se pone en duda.<\/p>\n<p style=\"text-align: justify\">En ese entorno, Esperanza Aguirre propone recortar liberados sindicales; O&#8217;Leary, pilotos en los aviones y Fischer, jefes con propuestas inconvenientes o est\u00fapidas. Es el esp\u00edritu del m\u00ednimo esfuerzo econ\u00f3mico que bien podr\u00eda aplicarse al contexto pol\u00edtico.<\/p>\n<p style=\"text-align: justify\">En el fondo muchos de nuestros pol\u00edticos -por no decir la mayor\u00eda- son tambi\u00e9n liberados pero de otro tipo. No sindicales, pero s\u00ed pol\u00edticos. Est\u00e1n en el Parlamento para vivir del cuento sin pegar ni golpe. No digo que lo sean todos, como tampoco todos los liberados sindicales son unos caraduras, pero haberlos haylos.<\/p>\n<p style=\"text-align: justify\">Adem\u00e1s, si los aviones pueden volar con un solo piloto \u00bfc\u00f3mo no va a marchar este pa\u00eds con 170 diputados en lugar de 350? \u00bfO cambiando al Presidente por un parado en formaci\u00f3n? Jug\u00e1ndose el pan, seguro que se lo toma en serio.<\/p>\n<!-- AddThis Advanced Settings generic via filter on the_content --><!-- AddThis Share Buttons generic via filter on the_content -->","protected":false},"excerpt":{"rendered":"<p>No es habitual que un trabajador se meta con su jefe en p\u00fablico. No, al menos, de forma manifiesta y firmada, con nombres y apellidos. Lo normal es que se critique haciendo uso del anonimato o, en todo caso, de la met\u00e1fora, la iron\u00eda o el juego de palabras para no alterar la vara de [&hellip;]<!-- AddThis Advanced Settings generic via filter on get_the_excerpt --><!-- AddThis Share Buttons generic via filter on get_the_excerpt --><\/p>\n","protected":false},"author":6,"featured_media":0,"comment_status":"open","ping_status":"closed","sticky":false,"template":"","format":"standard","meta":[],"categories":[4],"tags":[65,159,187],"_links":{"self":[{"href":"https:\/\/blogs.lasprovincias.es\/mariajosepou\/wp-json\/wp\/v2\/posts\/477"}],"collection":[{"href":"https:\/\/blogs.lasprovincias.es\/mariajosepou\/wp-json\/wp\/v2\/posts"}],"about":[{"href":"https:\/\/blogs.lasprovincias.es\/mariajosepou\/wp-json\/wp\/v2\/types\/post"}],"author":[{"embeddable":true,"href":"https:\/\/blogs.lasprovincias.es\/mariajosepou\/wp-json\/wp\/v2\/users\/6"}],"replies":[{"embeddable":true,"href":"https:\/\/blogs.lasprovincias.es\/mariajosepou\/wp-json\/wp\/v2\/comments?post=477"}],"version-history":[{"count":0,"href":"https:\/\/blogs.lasprovincias.es\/mariajosepou\/wp-json\/wp\/v2\/posts\/477\/revisions"}],"wp:attachment":[{"href":"https:\/\/blogs.lasprovincias.es\/mariajosepou\/wp-json\/wp\/v2\/media?parent=477"}],"wp:term":[{"taxonomy":"category","embeddable":true,"href":"https:\/\/blogs.lasprovincias.es\/mariajosepou\/wp-json\/wp\/v2\/categories?post=477"},{"taxonomy":"post_tag","embeddable":true,"href":"https:\/\/blogs.lasprovincias.es\/mariajosepou\/wp-json\/wp\/v2\/tags?post=477"}],"curies":[{"name":"wp","href":"https:\/\/api.w.org\/{rel}","templated":true}]}}