{"id":4787,"date":"2013-01-02T23:43:02","date_gmt":"2013-01-02T21:43:02","guid":{"rendered":"http:\/\/blogs.lasprovincias.es\/mariajosepou\/?p=4787"},"modified":"2013-01-02T23:43:02","modified_gmt":"2013-01-02T21:43:02","slug":"acordeones-en-valencia","status":"publish","type":"post","link":"https:\/\/blogs.lasprovincias.es\/mariajosepou\/2013\/01\/02\/acordeones-en-valencia\/","title":{"rendered":"Acordeones en Valencia"},"content":{"rendered":"<p><a href=\"\/mariajosepou\/wp-content\/uploads\/sites\/4\/2013\/01\/dscf0056_47542e4a.jpg\"><img loading=\"lazy\" class=\"alignleft size-medium wp-image-4788\" title=\"_dscf0056_47542e4a\" src=\"\/mariajosepou\/wp-content\/uploads\/sites\/4\/2013\/01\/dscf0056_47542e4a.jpg\" alt=\"\" width=\"300\" height=\"225\" srcset=\"https:\/\/static-blogs.lasprovincias.es\/wp-content\/uploads\/sites\/4\/2013\/01\/dscf0056_47542e4a.jpg 800w, https:\/\/static-blogs.lasprovincias.es\/wp-content\/uploads\/sites\/4\/2013\/01\/dscf0056_47542e4a-300x225.jpg 300w, https:\/\/static-blogs.lasprovincias.es\/wp-content\/uploads\/sites\/4\/2013\/01\/dscf0056_47542e4a-768x576.jpg 768w\" sizes=\"(max-width: 300px) 100vw, 300px\" \/><\/a>No s\u00e9 si es una falsa impresi\u00f3n m\u00eda pero desde hace tiempo creo que Valencia se ha llenado de acordeones. No hablo de los usados por quienes cantan boleros por las terrazas, sino de quienes piden en una esquina.<\/p>\n<p>No es que me moleste el sonido del acorde\u00f3n. Ni mucho menos. Quienes hemos crecido con el de M\u00aa Jes\u00fas e incluso \u2013negar\u00e9 haberlo escrito- hemos bailado \u201cLos pajaritos\u201d en una sesi\u00f3n revival de Dj retro, sabemos lo que es poner un acorde\u00f3n en la banda sonora vital. Pero una cosa es el acorde\u00f3n de verbena popular altamente et\u00edlica y otra, el que de pronto ha poblado Valencia.<\/p>\n<p>La cuesti\u00f3n es que me resulta sospechosa su aparici\u00f3n masiva.<\/p>\n<p>Todo empez\u00f3 con un acto de compasi\u00f3n. Iba camino del supermercado cuando gir\u00e9 una esquina y vi a una mujer mayor con un peque\u00f1o acorde\u00f3n. Al ver sus arrugas y sus canas, me conmov\u00ed y le di una moneda. Quince d\u00edas despu\u00e9s la volv\u00ed a encontrar y directamente le pregunt\u00e9 qu\u00e9 pod\u00eda comprarle.<\/p>\n<p>Ella me pidi\u00f3 un bocadillo que vend\u00edan en el s\u00faper y una botella de agua. As\u00ed lo hice: le llev\u00e9 los \u00fanicos bocatas preparados que encontr\u00e9, de hamburguesas, m\u00e1s dos panecillos y fiambre envasado para rellenarlos.<\/p>\n<p>En ese momento me dio las gracias con tanta efusividad que no me acord\u00e9 de darle la botella de agua que le hab\u00eda comprado. Al darme cuenta del error en casa, volv\u00ed sobre mis pasos, pero ya no estaba.<\/p>\n<p>Me extra\u00f1\u00f3, pero segu\u00ed haciendo recados. Y fue entonces cuando me top\u00e9 con otra en iguales circunstancias no muy lejos de all\u00ed. Lo asombroso en ese caso fue que, mientras me acercaba a darle una moneda, comprob\u00e9, con estupor, c\u00f3mo sacaba un m\u00f3vil y se pon\u00eda a hablar.<\/p>\n<p>A partir de ese momento me estoy fijando y cada vez veo m\u00e1s acordeones por Valencia. No me importa como banda sonora pero me inquieta como red. No por m\u00ed sino por la pobre mujer que me pidi\u00f3 un bocadillo. Me preocupar\u00eda que me tomaran el pelo a m\u00ed, pero m\u00e1s, que se lo tomaran a ella.<\/p>\n<!-- AddThis Advanced Settings generic via filter on the_content --><!-- AddThis Share Buttons generic via filter on the_content -->","protected":false},"excerpt":{"rendered":"<p>No s\u00e9 si es una falsa impresi\u00f3n m\u00eda pero desde hace tiempo creo que Valencia se ha llenado de acordeones. No hablo de los usados por quienes cantan boleros por las terrazas, sino de quienes piden en una esquina. No es que me moleste el sonido del acorde\u00f3n. Ni mucho menos. Quienes hemos crecido con [&hellip;]<!-- AddThis Advanced Settings generic via filter on get_the_excerpt --><!-- AddThis Share Buttons generic via filter on get_the_excerpt --><\/p>\n","protected":false},"author":6,"featured_media":0,"comment_status":"open","ping_status":"closed","sticky":false,"template":"","format":"standard","meta":[],"categories":[4],"tags":[53,132],"_links":{"self":[{"href":"https:\/\/blogs.lasprovincias.es\/mariajosepou\/wp-json\/wp\/v2\/posts\/4787"}],"collection":[{"href":"https:\/\/blogs.lasprovincias.es\/mariajosepou\/wp-json\/wp\/v2\/posts"}],"about":[{"href":"https:\/\/blogs.lasprovincias.es\/mariajosepou\/wp-json\/wp\/v2\/types\/post"}],"author":[{"embeddable":true,"href":"https:\/\/blogs.lasprovincias.es\/mariajosepou\/wp-json\/wp\/v2\/users\/6"}],"replies":[{"embeddable":true,"href":"https:\/\/blogs.lasprovincias.es\/mariajosepou\/wp-json\/wp\/v2\/comments?post=4787"}],"version-history":[{"count":0,"href":"https:\/\/blogs.lasprovincias.es\/mariajosepou\/wp-json\/wp\/v2\/posts\/4787\/revisions"}],"wp:attachment":[{"href":"https:\/\/blogs.lasprovincias.es\/mariajosepou\/wp-json\/wp\/v2\/media?parent=4787"}],"wp:term":[{"taxonomy":"category","embeddable":true,"href":"https:\/\/blogs.lasprovincias.es\/mariajosepou\/wp-json\/wp\/v2\/categories?post=4787"},{"taxonomy":"post_tag","embeddable":true,"href":"https:\/\/blogs.lasprovincias.es\/mariajosepou\/wp-json\/wp\/v2\/tags?post=4787"}],"curies":[{"name":"wp","href":"https:\/\/api.w.org\/{rel}","templated":true}]}}