{"id":480,"date":"2010-09-16T05:18:05","date_gmt":"2010-09-16T05:18:05","guid":{"rendered":"http:\/\/firmas.lasprovincias.es\/mariajosepou\/?p=480"},"modified":"2010-09-16T05:18:05","modified_gmt":"2010-09-16T05:18:05","slug":"manos-premiadas","status":"publish","type":"post","link":"https:\/\/blogs.lasprovincias.es\/mariajosepou\/2010\/09\/16\/manos-premiadas\/","title":{"rendered":"Manos premiadas"},"content":{"rendered":"<p style=\"text-align: justify\"><a href=\"\/mariajosepou\/wp-content\/uploads\/sites\/4\/2010\/09\/logo-365-blancofazul.jpg\"><img loading=\"lazy\" class=\"alignleft size-medium wp-image-481\" src=\"\/mariajosepou\/wp-content\/uploads\/sites\/4\/2010\/09\/logo-365-blancofazul.jpg\" alt=\"\" width=\"300\" height=\"54\" srcset=\"https:\/\/static-blogs.lasprovincias.es\/wp-content\/uploads\/sites\/4\/2010\/09\/logo-365-blancofazul.jpg 350w, https:\/\/static-blogs.lasprovincias.es\/wp-content\/uploads\/sites\/4\/2010\/09\/logo-365-blancofazul-300x55.jpg 300w\" sizes=\"(max-width: 300px) 100vw, 300px\" \/><\/a>Hay muchos para los que el apellido &#8216;cat\u00f3lica&#8217; convierte en sospechosa cualquier organizaci\u00f3n y, aunque hay ovejas negras, la mayor\u00eda de entidades que hacen el bien entre los m\u00e1s pobres en nombre de la Iglesia cat\u00f3lica dignifican ese adjetivo. Es el caso de Manos Unidas, que acaba de ser galardonada con el Premio Pr\u00edncipe de Asturias de la Concordia.<\/p>\n<p style=\"text-align: justify\">En un momento en el que son cuestionadas algunas ONG por la distribuci\u00f3n de fondos y su destino, Manos Unidas constituye un ejemplo de gesti\u00f3n pero sobre todo de caridad sin distinci\u00f3n de credos. A nadie se le pregunta de d\u00f3nde procede, a qui\u00e9n vota o a qu\u00e9 Dios reza. Se le hace el bien en nombre del que pas\u00f3 haci\u00e9ndolo 2000 a\u00f1os antes.<\/p>\n<p style=\"text-align: justify\">Manos Unidas lleva 50 a\u00f1os ejerciendo la solidaridad, mucho antes de que se inventara la sensibilidad y el voluntariado organizado. Aproximadamente desde los tiempos en que a eso le llamaban &#8216;caridad&#8217;.<\/p>\n<p style=\"text-align: justify\">A algunos les suena rancio porque creen que huele a naftalina y a se\u00f1oras ricachuelas de Rastrillos tranquiliza-conciencias. &#8216;Caridad&#8217;, dice el diccionario en una de sus acepciones, es \u00abactitud solidaria con el sufrimiento ajeno\u00bb. Es compadecerse, sufrir con el que sufre y procurarle alivio. Eso hace Manos Unidas y eso es lo que ha merecido el reconocimiento de los Pr\u00edncipe de Asturias.<\/p>\n<p style=\"text-align: justify\">Para algunos, \u00e9se es el \u00fanico aval de la Iglesia cat\u00f3lica: que resulta \u00fatil para hacer servicios sociales. Sin embargo, lo realmente importante en t\u00e9rminos puramente c\u00edvicos, sin apelar a razones espirituales, no es que funcione como una ONG de confianza sino que sea capaz de transmitir una actitud. Es la llamada \u00abopci\u00f3n preferencial por los pobres\u00bb que en estos tiempos de zozobras econ\u00f3micas y pinchazo de la burbuja del bienestar a coste cero han quedado en un segundo plano.<\/p>\n<p style=\"text-align: justify\">Esos pobres siguen estando ah\u00ed y, si para nosotros es duro llegar a fin de mes, lo suyo es insoportable. Son, dec\u00eda el jesuita Jon Sobrino, aquellos para quienes \u00absobrevivir es una dura carga\u00bb. No solo est\u00e1n faltos de recursos sino que son despreciados por la sociedad.<\/p>\n<p style=\"text-align: justify\">El premio, pues, no es a Manos Unidas sino a la opci\u00f3n por los m\u00e1s pobres.<\/p>\n<!-- AddThis Advanced Settings generic via filter on the_content --><!-- AddThis Share Buttons generic via filter on the_content -->","protected":false},"excerpt":{"rendered":"<p>Hay muchos para los que el apellido &#8216;cat\u00f3lica&#8217; convierte en sospechosa cualquier organizaci\u00f3n y, aunque hay ovejas negras, la mayor\u00eda de entidades que hacen el bien entre los m\u00e1s pobres en nombre de la Iglesia cat\u00f3lica dignifican ese adjetivo. Es el caso de Manos Unidas, que acaba de ser galardonada con el Premio Pr\u00edncipe de [&hellip;]<!-- AddThis Advanced Settings generic via filter on get_the_excerpt --><!-- AddThis Share Buttons generic via filter on get_the_excerpt --><\/p>\n","protected":false},"author":6,"featured_media":0,"comment_status":"open","ping_status":"closed","sticky":false,"template":"","format":"standard","meta":[],"categories":[4],"tags":[40,132],"_links":{"self":[{"href":"https:\/\/blogs.lasprovincias.es\/mariajosepou\/wp-json\/wp\/v2\/posts\/480"}],"collection":[{"href":"https:\/\/blogs.lasprovincias.es\/mariajosepou\/wp-json\/wp\/v2\/posts"}],"about":[{"href":"https:\/\/blogs.lasprovincias.es\/mariajosepou\/wp-json\/wp\/v2\/types\/post"}],"author":[{"embeddable":true,"href":"https:\/\/blogs.lasprovincias.es\/mariajosepou\/wp-json\/wp\/v2\/users\/6"}],"replies":[{"embeddable":true,"href":"https:\/\/blogs.lasprovincias.es\/mariajosepou\/wp-json\/wp\/v2\/comments?post=480"}],"version-history":[{"count":0,"href":"https:\/\/blogs.lasprovincias.es\/mariajosepou\/wp-json\/wp\/v2\/posts\/480\/revisions"}],"wp:attachment":[{"href":"https:\/\/blogs.lasprovincias.es\/mariajosepou\/wp-json\/wp\/v2\/media?parent=480"}],"wp:term":[{"taxonomy":"category","embeddable":true,"href":"https:\/\/blogs.lasprovincias.es\/mariajosepou\/wp-json\/wp\/v2\/categories?post=480"},{"taxonomy":"post_tag","embeddable":true,"href":"https:\/\/blogs.lasprovincias.es\/mariajosepou\/wp-json\/wp\/v2\/tags?post=480"}],"curies":[{"name":"wp","href":"https:\/\/api.w.org\/{rel}","templated":true}]}}