{"id":4843,"date":"2013-01-23T01:35:40","date_gmt":"2013-01-22T23:35:40","guid":{"rendered":"http:\/\/blogs.lasprovincias.es\/mariajosepou\/?p=4843"},"modified":"2013-01-23T01:35:40","modified_gmt":"2013-01-22T23:35:40","slug":"que-se-mueran","status":"publish","type":"post","link":"https:\/\/blogs.lasprovincias.es\/mariajosepou\/2013\/01\/23\/que-se-mueran\/","title":{"rendered":"Que se mueran"},"content":{"rendered":"<p><a href=\"\/mariajosepou\/wp-content\/uploads\/sites\/4\/2013\/01\/Japanese-finance-minister-Taro-Aso-speaks-at-a-press-conference-in-Tokyo-on-Janaury-15-2013-AFP_File-Yoshikazu-Tsuno-e1358769812842.jpg\"><img loading=\"lazy\" class=\"alignleft size-medium wp-image-4844\" title=\"Japanese-finance-minister-Taro-Aso-speaks-at-a-press-conference-in-Tokyo-on-Janaury-15-2013-AFP_File-Yoshikazu-Tsuno-e1358769812842\" src=\"\/mariajosepou\/wp-content\/uploads\/sites\/4\/2013\/01\/Japanese-finance-minister-Taro-Aso-speaks-at-a-press-conference-in-Tokyo-on-Janaury-15-2013-AFP_File-Yoshikazu-Tsuno-e1358769812842.jpg\" alt=\"\" width=\"300\" height=\"168\" srcset=\"https:\/\/static-blogs.lasprovincias.es\/wp-content\/uploads\/sites\/4\/2013\/01\/Japanese-finance-minister-Taro-Aso-speaks-at-a-press-conference-in-Tokyo-on-Janaury-15-2013-AFP_File-Yoshikazu-Tsuno-e1358769812842.jpg 613w, https:\/\/static-blogs.lasprovincias.es\/wp-content\/uploads\/sites\/4\/2013\/01\/Japanese-finance-minister-Taro-Aso-speaks-at-a-press-conference-in-Tokyo-on-Janaury-15-2013-AFP_File-Yoshikazu-Tsuno-e1358769812842-300x168.jpg 300w\" sizes=\"(max-width: 300px) 100vw, 300px\" \/><\/a>Pues estoy de acuerdo con Taro Aso, el ministro japon\u00e9s de Finanzas. Pero no cuando dice que los ancianos \u201cdeber\u00edan darse prisa y morirse\u201d para no hacer gasto al erario p\u00fablico sino cuando afirma que se sentir\u00eda mal sabiendo que su tratamiento lo paga el Estado.<\/p>\n<p>Yo tambi\u00e9n me sentir\u00eda mal. Y utilizo el verbo en condicional porque no me refiero al futuro, esto es, mi vejez, sino a lo hipot\u00e9tico, es decir, a mi condici\u00f3n de ministra de Finanzas.<\/p>\n<p>Sorprende que Aso diga lo que dice sobre los ancianos convertidos en lastre porque \u201ccomen y beben y no hacen ning\u00fan esfuerzo\u201d, salvo \u201cir al m\u00e9dico\u201d. En primer lugar, porque \u00e9l tiene 72 a\u00f1os, aunque al parecer ya ha dicho a su familia que no lo mantenga con vida si llega a una fase terminal. Pero sobre todo y en segundo lugar, por el hecho de ser un pol\u00edtico a cargo de las cuentas p\u00fablicas.<\/p>\n<p>Ah\u00ed es donde coincido con \u00e9l: yo me sentir\u00eda muy mal si viviera a costa del erario p\u00fablico hasta en el m\u00ednimo gasto, ya fuera el coche, la vivienda, el tel\u00e9fono y hasta un ch\u00f3fer que me esperara en la puerta de la peluquer\u00eda. Eso s\u00ed me har\u00eda sentir mal. Mi condicional se refiere no a la edad provecta -que es una riqueza, no un empobrecimiento- sino a un trabajo de escaso rendimiento y enorme coste. El suyo.<\/p>\n<p>As\u00ed deber\u00edan sentirse todos esos pol\u00edticos que a\u00fan lamentan no tener m\u00e1s privilegios a costa de humildes trabajadores que se quitan de su sueldo para pagar los viajes en primera clase de sus se\u00f1or\u00edas.<\/p>\n<p>No dir\u00e9, como \u00e9l, que deber\u00edan morirse pero s\u00ed darse prisa en hacer su trabajo y renunciar al sueldo. \u00bfSon necesarios los cuatro a\u00f1os cuando la mitad del tiempo no cumplen lo prometido? Pues que se \u201cmueran\u201d laboralmente, es decir, que se les aparte de una n\u00f3mina p\u00fablica. Como en la empresa privada o como quieren algunos vinculando ventas y salarios: si no hay resultados, que cobren menos. Si no cumplen su programa electoral, que sean penalizados.<\/p>\n<!-- AddThis Advanced Settings generic via filter on the_content --><!-- AddThis Share Buttons generic via filter on the_content -->","protected":false},"excerpt":{"rendered":"<p>Pues estoy de acuerdo con Taro Aso, el ministro japon\u00e9s de Finanzas. Pero no cuando dice que los ancianos \u201cdeber\u00edan darse prisa y morirse\u201d para no hacer gasto al erario p\u00fablico sino cuando afirma que se sentir\u00eda mal sabiendo que su tratamiento lo paga el Estado. Yo tambi\u00e9n me sentir\u00eda mal. Y utilizo el verbo [&hellip;]<!-- AddThis Advanced Settings generic via filter on get_the_excerpt --><!-- AddThis Share Buttons generic via filter on get_the_excerpt --><\/p>\n","protected":false},"author":6,"featured_media":0,"comment_status":"open","ping_status":"closed","sticky":false,"template":"","format":"standard","meta":[],"categories":[4],"tags":[21,54,136,156],"_links":{"self":[{"href":"https:\/\/blogs.lasprovincias.es\/mariajosepou\/wp-json\/wp\/v2\/posts\/4843"}],"collection":[{"href":"https:\/\/blogs.lasprovincias.es\/mariajosepou\/wp-json\/wp\/v2\/posts"}],"about":[{"href":"https:\/\/blogs.lasprovincias.es\/mariajosepou\/wp-json\/wp\/v2\/types\/post"}],"author":[{"embeddable":true,"href":"https:\/\/blogs.lasprovincias.es\/mariajosepou\/wp-json\/wp\/v2\/users\/6"}],"replies":[{"embeddable":true,"href":"https:\/\/blogs.lasprovincias.es\/mariajosepou\/wp-json\/wp\/v2\/comments?post=4843"}],"version-history":[{"count":0,"href":"https:\/\/blogs.lasprovincias.es\/mariajosepou\/wp-json\/wp\/v2\/posts\/4843\/revisions"}],"wp:attachment":[{"href":"https:\/\/blogs.lasprovincias.es\/mariajosepou\/wp-json\/wp\/v2\/media?parent=4843"}],"wp:term":[{"taxonomy":"category","embeddable":true,"href":"https:\/\/blogs.lasprovincias.es\/mariajosepou\/wp-json\/wp\/v2\/categories?post=4843"},{"taxonomy":"post_tag","embeddable":true,"href":"https:\/\/blogs.lasprovincias.es\/mariajosepou\/wp-json\/wp\/v2\/tags?post=4843"}],"curies":[{"name":"wp","href":"https:\/\/api.w.org\/{rel}","templated":true}]}}