{"id":487,"date":"2010-09-18T05:47:18","date_gmt":"2010-09-18T05:47:18","guid":{"rendered":"http:\/\/firmas.lasprovincias.es\/mariajosepou\/?p=487"},"modified":"2010-09-18T05:47:18","modified_gmt":"2010-09-18T05:47:18","slug":"de-fiesta-en-la-meca","status":"publish","type":"post","link":"https:\/\/blogs.lasprovincias.es\/mariajosepou\/2010\/09\/18\/de-fiesta-en-la-meca\/","title":{"rendered":"De fiesta en La Meca"},"content":{"rendered":"<p style=\"text-align: justify\"><a href=\"\/mariajosepou\/wp-content\/uploads\/sites\/4\/2010\/09\/MECA88.jpg\"><img loading=\"lazy\" class=\"alignleft size-medium wp-image-488\" src=\"\/mariajosepou\/wp-content\/uploads\/sites\/4\/2010\/09\/MECA88.jpg\" alt=\"\" width=\"300\" height=\"168\" \/><\/a>Hasta hace poco hab\u00eda una tasca cerca de mi casa que se llamaba &#8216;Dios te salve&#8217;. Cuando la inauguraron confieso que me molest\u00f3 el nombre hasta el punto de decidir no sentarme a tomar unas tapas ni aunque me dijeran que eran las mejores de Valencia.<\/p>\n<p style=\"text-align: justify\">Luego me di cuenta de que el estilo del bar -e imagino que los due\u00f1os- eran andaluces o admiradores rocieros y que el &#8216;Dios te salve&#8217; era el inicio no solo del Ave Mar\u00eda, la oraci\u00f3n mariana m\u00e1s importante de los cat\u00f3licos, sino de la Salve rociera.<\/p>\n<p style=\"text-align: justify\">Eso significaba que la elecci\u00f3n del nombre, quiz\u00e1s, no era una ofensa sino todo lo contrario: un modo de honrar a la Blanca Paloma. Hab\u00eda en ello si no una funci\u00f3n religiosa, s\u00ed un sustrato de devoci\u00f3n al Roc\u00edo que, aunque oculto en ocasiones tras una pasi\u00f3n mundana, no deja de ser un santuario mariano.<\/p>\n<p style=\"text-align: justify\">Cuando supe, pues, de la pol\u00e9mica en torno a la discoteca llamada La Meca me sent\u00ed pr\u00f3xima al problema y, aunque me provoque rechazo la forma como se ha presionado para lograr el cambio de nombre, entend\u00ed lo que pod\u00eda sentir una sensibilidad religiosa herida.<\/p>\n<p style=\"text-align: justify\">El problema es que a m\u00ed nunca se me ocurri\u00f3 amenazar a los propietarios y clientes de la tasca. Decid\u00ed no ir y punto. \u00c9se era mi boicot. Y \u00e9se ser\u00e1 mi modus operandi ante cualquier hecho similar, no en vano, recuerdo cuando unos amigos me llevaron a una antigua iglesia en Londres reconvertida en pub, algo muy com\u00fan en un pa\u00eds mucho m\u00e1s secularizado que el nuestro.<\/p>\n<p style=\"text-align: justify\">No me resultaba inc\u00f3modo por ser un bar sino por ver cervezas por el suelo y tipos borrachos enroll\u00e1ndose con tipas en lo que hab\u00eda sido un presbiterio o un p\u00falpito, es decir, donde se hab\u00edan celebrado ceremonias sagradas. A ellos les resultaba interesante y distinto a todos los dem\u00e1s pub. Yo prefer\u00ed no volver.<\/p>\n<p style=\"text-align: justify\">Esa es la manera de manifestar rechazo por parte de los afectados, de ah\u00ed que sea tan lamentable que amenacen y tan triste que cedan al chantaje. Es comprensible pero triste. Lo civilizado es sensibilizar para evitar las referencias ofensivas. Aterrorizar es de salvajes.<\/p>\n<!-- AddThis Advanced Settings generic via filter on the_content --><!-- AddThis Share Buttons generic via filter on the_content -->","protected":false},"excerpt":{"rendered":"<p>Hasta hace poco hab\u00eda una tasca cerca de mi casa que se llamaba &#8216;Dios te salve&#8217;. Cuando la inauguraron confieso que me molest\u00f3 el nombre hasta el punto de decidir no sentarme a tomar unas tapas ni aunque me dijeran que eran las mejores de Valencia. Luego me di cuenta de que el estilo del [&hellip;]<!-- AddThis Advanced Settings generic via filter on get_the_excerpt --><!-- AddThis Share Buttons generic via filter on get_the_excerpt --><\/p>\n","protected":false},"author":6,"featured_media":0,"comment_status":"open","ping_status":"closed","sticky":false,"template":"","format":"standard","meta":[],"categories":[4],"tags":[97,148,169,180],"_links":{"self":[{"href":"https:\/\/blogs.lasprovincias.es\/mariajosepou\/wp-json\/wp\/v2\/posts\/487"}],"collection":[{"href":"https:\/\/blogs.lasprovincias.es\/mariajosepou\/wp-json\/wp\/v2\/posts"}],"about":[{"href":"https:\/\/blogs.lasprovincias.es\/mariajosepou\/wp-json\/wp\/v2\/types\/post"}],"author":[{"embeddable":true,"href":"https:\/\/blogs.lasprovincias.es\/mariajosepou\/wp-json\/wp\/v2\/users\/6"}],"replies":[{"embeddable":true,"href":"https:\/\/blogs.lasprovincias.es\/mariajosepou\/wp-json\/wp\/v2\/comments?post=487"}],"version-history":[{"count":0,"href":"https:\/\/blogs.lasprovincias.es\/mariajosepou\/wp-json\/wp\/v2\/posts\/487\/revisions"}],"wp:attachment":[{"href":"https:\/\/blogs.lasprovincias.es\/mariajosepou\/wp-json\/wp\/v2\/media?parent=487"}],"wp:term":[{"taxonomy":"category","embeddable":true,"href":"https:\/\/blogs.lasprovincias.es\/mariajosepou\/wp-json\/wp\/v2\/categories?post=487"},{"taxonomy":"post_tag","embeddable":true,"href":"https:\/\/blogs.lasprovincias.es\/mariajosepou\/wp-json\/wp\/v2\/tags?post=487"}],"curies":[{"name":"wp","href":"https:\/\/api.w.org\/{rel}","templated":true}]}}