{"id":4889,"date":"2013-02-09T23:14:53","date_gmt":"2013-02-09T21:14:53","guid":{"rendered":"http:\/\/blogs.lasprovincias.es\/mariajosepou\/?p=4889"},"modified":"2013-02-09T23:14:53","modified_gmt":"2013-02-09T21:14:53","slug":"seis-millones","status":"publish","type":"post","link":"https:\/\/blogs.lasprovincias.es\/mariajosepou\/2013\/02\/09\/seis-millones\/","title":{"rendered":"Seis millones"},"content":{"rendered":"<p><a href=\"\/mariajosepou\/wp-content\/uploads\/sites\/4\/2013\/02\/sdfdgf-644x362.jpg\"><img loading=\"lazy\" class=\"alignleft size-medium wp-image-4890\" title=\"sdfdgf--644x362\" src=\"\/mariajosepou\/wp-content\/uploads\/sites\/4\/2013\/02\/sdfdgf.jpg\" alt=\"\" width=\"300\" height=\"168\" \/><\/a>La demonizaci\u00f3n de algunos personajes p\u00fablicos oculta lo que dicen. Como son odiados, damos por hecho que su forma de pensar es fruto de su propia maldad. Hasta que lo escuchamos de nuevo en boca de otra persona. Eso es lo que ha vuelto a pasar en estos d\u00edas.<\/p>\n<p>Hace meses, hubo quien atribuy\u00f3 una frase a la perfidia del personaje pero ya no parece que sea solo un problema personal. Me refiero a las declaraciones desafortunadas de D\u00edaz Ferr\u00e1n en las que afirm\u00f3 que deb\u00edamos trabajar m\u00e1s y cobrar menos. Entonces -y no digamos cuando cay\u00f3 en desgracia- algunos relacionaron esa abominaci\u00f3n con su demon\u00edaca personalidad.<\/p>\n<p>Sin embargo, llega ahora otro presidente de los empresarios y dice lo que dice sobre funcionarios que sobran y parados inexistentes. Y ahora, \u00bfqu\u00e9? \u00bfEran cosas de D\u00edaz Ferr\u00e1n o algo m\u00e1s?<\/p>\n<p>En sus palabras hay algo que enfada y algo que sorprende. A m\u00ed no me sorprende lo que dice de los funcionarios pero s\u00ed entiendo que haya enfadado a los implicados. Desconozco si son ellos los que sobran, pero lo de gastar papel y tel\u00e9fono cuando la casta pol\u00edtica gasta mucho m\u00e1s que eso sin ver un fruto concreto me parece cuanto menos arriesgado.<\/p>\n<p>Sin embargo, lo que me ha llamado la atenci\u00f3n es su negativa a creer que haya seis millones de parados. Dir\u00eda que estoy de acuerdo con \u00e9l. No creo que haya seis sino m\u00e1s. \u00c9l dice que menos y ah\u00ed es donde me deja perpleja. No tiene m\u00e1s que salir a la calle, ver la cantidad de negocios que han cerrado, de empresas que han recortado personal y de aut\u00f3nomos que se dan de baja para saberlo. \u00bfAcaso no tienen datos de las empresas afectadas? \u00bfO estos tambi\u00e9n viven en su burbuja? Si es as\u00ed, el poder en Espa\u00f1a parece sobrevivir en una botella de champ\u00e1n, rodeado de burbujas que impiden ver la realidad.<\/p>\n<p>Tal vez todo sea un mensaje de consumo interno o de una bengala para hacerse notar pero no es momento de tocar las narices a quienes ya est\u00e1n bastante fastidiados.<\/p>\n<!-- AddThis Advanced Settings generic via filter on the_content --><!-- AddThis Share Buttons generic via filter on the_content -->","protected":false},"excerpt":{"rendered":"<p>La demonizaci\u00f3n de algunos personajes p\u00fablicos oculta lo que dicen. Como son odiados, damos por hecho que su forma de pensar es fruto de su propia maldad. Hasta que lo escuchamos de nuevo en boca de otra persona. Eso es lo que ha vuelto a pasar en estos d\u00edas. Hace meses, hubo quien atribuy\u00f3 una [&hellip;]<!-- AddThis Advanced Settings generic via filter on get_the_excerpt --><!-- AddThis Share Buttons generic via filter on get_the_excerpt --><\/p>\n","protected":false},"author":6,"featured_media":0,"comment_status":"open","ping_status":"closed","sticky":false,"template":"","format":"standard","meta":[],"categories":[4],"tags":[54,171],"_links":{"self":[{"href":"https:\/\/blogs.lasprovincias.es\/mariajosepou\/wp-json\/wp\/v2\/posts\/4889"}],"collection":[{"href":"https:\/\/blogs.lasprovincias.es\/mariajosepou\/wp-json\/wp\/v2\/posts"}],"about":[{"href":"https:\/\/blogs.lasprovincias.es\/mariajosepou\/wp-json\/wp\/v2\/types\/post"}],"author":[{"embeddable":true,"href":"https:\/\/blogs.lasprovincias.es\/mariajosepou\/wp-json\/wp\/v2\/users\/6"}],"replies":[{"embeddable":true,"href":"https:\/\/blogs.lasprovincias.es\/mariajosepou\/wp-json\/wp\/v2\/comments?post=4889"}],"version-history":[{"count":0,"href":"https:\/\/blogs.lasprovincias.es\/mariajosepou\/wp-json\/wp\/v2\/posts\/4889\/revisions"}],"wp:attachment":[{"href":"https:\/\/blogs.lasprovincias.es\/mariajosepou\/wp-json\/wp\/v2\/media?parent=4889"}],"wp:term":[{"taxonomy":"category","embeddable":true,"href":"https:\/\/blogs.lasprovincias.es\/mariajosepou\/wp-json\/wp\/v2\/categories?post=4889"},{"taxonomy":"post_tag","embeddable":true,"href":"https:\/\/blogs.lasprovincias.es\/mariajosepou\/wp-json\/wp\/v2\/tags?post=4889"}],"curies":[{"name":"wp","href":"https:\/\/api.w.org\/{rel}","templated":true}]}}