{"id":49,"date":"2010-04-26T07:36:51","date_gmt":"2010-04-26T07:36:51","guid":{"rendered":"http:\/\/firmas.lasprovincias.es\/mariajosepou\/?p=49"},"modified":"2010-04-26T07:36:51","modified_gmt":"2010-04-26T07:36:51","slug":"el-velo-entre-adolescentes","status":"publish","type":"post","link":"https:\/\/blogs.lasprovincias.es\/mariajosepou\/2010\/04\/26\/el-velo-entre-adolescentes\/","title":{"rendered":"El velo entre adolescentes"},"content":{"rendered":"<p style=\"text-align: justify\">Hace tres a\u00f1os entend\u00ed lo que supon\u00eda el hijab para muchas j\u00f3venes en Occidente. Sucedi\u00f3 en Oxford Street, en el coraz\u00f3n de Londres. Yo andaba por la calle y delante de m\u00ed iba una joven que no habr\u00eda cumplido a\u00fan los 20. Llevaba la cabeza cubierta con el &#8216;velo&#8217; o &#8216;pa\u00f1uelo isl\u00e1mico&#8217; pero tambi\u00e9n unos pantalones pitillo tan ajustados que era imposible imaginar c\u00f3mo se los pon\u00eda o quitaba.<\/p>\n<p style=\"text-align: justify\">Aquella incoherencia me dio una pista para entender el uso del velo entre adolescentes, un nuevo enfoque para aprender a interpretar m\u00e1s all\u00e1 de lo evidente.<\/p>\n<p style=\"text-align: justify\">Yo, hasta entonces, ten\u00eda muy clara la vinculaci\u00f3n entre pa\u00f1uelo y sumisi\u00f3n. No me gustaba ver a una mujer andar detr\u00e1s, no al lado, del marido y cubierta para que nadie la mirara. Sin embargo, \u00e9se no era el caso de la chica de los pantalones ajustados.<\/p>\n<p style=\"text-align: justify\">Quiz\u00e1s los de su comunidad religiosa no vieran adecuado que combinara pantalones pitillo y velo pero aqu\u00ed lo interesante es aprender qu\u00e9 significa el velo pues ah\u00ed es donde quiz\u00e1s nos estamos equivocando en Occidente. Para algunas mujeres puede que todo se explique en la sumisi\u00f3n, una actitud que razonablemente Europa no quisiera para ninguna de sus mujeres, pertenezca a la religi\u00f3n que pertenezca. Por eso cuando se compara con la toca de las monjas, no resulta justo para \u00e9stas el s\u00edmil. La diferencia radica en la voluntariedad y plena conciencia al elegir taparse la cabeza. Por eso nos escandaliza que una adolescente o una ni\u00f1a lleve velo y lo justifique en su propia voluntad. Nos hace sospechar que no es tan libre la decisi\u00f3n.<\/p>\n<p style=\"text-align: justify\">Sin embargo, hemos de aprender que quiz\u00e1s s\u00ed lo es y, lo que es m\u00e1s importante, esa decisi\u00f3n no tiene necesariamente un car\u00e1cter religioso. Eso es lo que yo intu\u00ed en el caso de la chica londinense.<\/p>\n<p style=\"text-align: justify\">El velo para ella, como para otras jovencitas nacidas ya en Occidente, es un modo de distinguirse, de hacerse diferente, de reivindicar una pertenencia a otra cosa. Tal vez no tenga un sentido religioso sino que sea \u00fanicamente una identificaci\u00f3n con su cultura como modo de reafirmarse, algo necesario en la adolescencia.<\/p>\n<!-- AddThis Advanced Settings generic via filter on the_content --><!-- AddThis Share Buttons generic via filter on the_content -->","protected":false},"excerpt":{"rendered":"<p>Hace tres a\u00f1os entend\u00ed lo que supon\u00eda el hijab para muchas j\u00f3venes en Occidente. Sucedi\u00f3 en Oxford Street, en el coraz\u00f3n de Londres. Yo andaba por la calle y delante de m\u00ed iba una joven que no habr\u00eda cumplido a\u00fan los 20. Llevaba la cabeza cubierta con el &#8216;velo&#8217; o &#8216;pa\u00f1uelo isl\u00e1mico&#8217; pero tambi\u00e9n unos [&hellip;]<!-- AddThis Advanced Settings generic via filter on get_the_excerpt --><!-- AddThis Share Buttons generic via filter on get_the_excerpt --><\/p>\n","protected":false},"author":6,"featured_media":0,"comment_status":"open","ping_status":"closed","sticky":false,"template":"","format":"standard","meta":[],"categories":[4],"tags":[],"_links":{"self":[{"href":"https:\/\/blogs.lasprovincias.es\/mariajosepou\/wp-json\/wp\/v2\/posts\/49"}],"collection":[{"href":"https:\/\/blogs.lasprovincias.es\/mariajosepou\/wp-json\/wp\/v2\/posts"}],"about":[{"href":"https:\/\/blogs.lasprovincias.es\/mariajosepou\/wp-json\/wp\/v2\/types\/post"}],"author":[{"embeddable":true,"href":"https:\/\/blogs.lasprovincias.es\/mariajosepou\/wp-json\/wp\/v2\/users\/6"}],"replies":[{"embeddable":true,"href":"https:\/\/blogs.lasprovincias.es\/mariajosepou\/wp-json\/wp\/v2\/comments?post=49"}],"version-history":[{"count":0,"href":"https:\/\/blogs.lasprovincias.es\/mariajosepou\/wp-json\/wp\/v2\/posts\/49\/revisions"}],"wp:attachment":[{"href":"https:\/\/blogs.lasprovincias.es\/mariajosepou\/wp-json\/wp\/v2\/media?parent=49"}],"wp:term":[{"taxonomy":"category","embeddable":true,"href":"https:\/\/blogs.lasprovincias.es\/mariajosepou\/wp-json\/wp\/v2\/categories?post=49"},{"taxonomy":"post_tag","embeddable":true,"href":"https:\/\/blogs.lasprovincias.es\/mariajosepou\/wp-json\/wp\/v2\/tags?post=49"}],"curies":[{"name":"wp","href":"https:\/\/api.w.org\/{rel}","templated":true}]}}