{"id":490,"date":"2010-09-19T06:48:26","date_gmt":"2010-09-19T06:48:26","guid":{"rendered":"http:\/\/firmas.lasprovincias.es\/mariajosepou\/?p=490"},"modified":"2010-09-19T06:48:26","modified_gmt":"2010-09-19T06:48:26","slug":"espana-esa-empresa","status":"publish","type":"post","link":"https:\/\/blogs.lasprovincias.es\/mariajosepou\/2010\/09\/19\/espana-esa-empresa\/","title":{"rendered":"Espa\u00f1a, esa empresa"},"content":{"rendered":"<p style=\"text-align: justify\"><a href=\"\/mariajosepou\/wp-content\/uploads\/sites\/4\/2010\/09\/28883551.jpg\"><img loading=\"lazy\" class=\"alignleft size-medium wp-image-491\" src=\"\/mariajosepou\/wp-content\/uploads\/sites\/4\/2010\/09\/28883551.jpg\" alt=\"\" width=\"249\" height=\"300\" srcset=\"https:\/\/static-blogs.lasprovincias.es\/wp-content\/uploads\/sites\/4\/2010\/09\/28883551.jpg 300w, https:\/\/static-blogs.lasprovincias.es\/wp-content\/uploads\/sites\/4\/2010\/09\/28883551-249x300.jpg 249w\" sizes=\"(max-width: 249px) 100vw, 249px\" \/><\/a>La <a href=\"http:\/\/www.lasprovincias.es\/v\/20100919\/politica\/pasa-guardia-civil-20100919.html\" target=\"_blank\" rel=\"external nofollow\">protesta que ayer protagonizaron<\/a> los guardias civiles en Madrid evidenci\u00f3 dos cosas: la primera, que un colectivo no necesita a los sindicatos apoltronados para defender sus derechos y, la segunda, que el voluntarismo es un plus en cualquier trabajo y no sustituye a la justa remuneraci\u00f3n.<\/p>\n<p style=\"text-align: justify\">Las im\u00e1genes m\u00e1s curiosas de los \u00faltimos d\u00edas en relaci\u00f3n a las protestas laborales han tenido a los l\u00edderes sindicales como protagonistas. Primero fue la cara de circunstancias de C\u00e1ndido M\u00e9ndez mientras cientos de sindicalistas coreaban &#8220;Zapatero, dimisi\u00f3n&#8221;. Despu\u00e9s, la de Toxo escuchando c\u00f3mo los guardias civiles le gritaban &#8220;fuera, fuera&#8221; durante su concentraci\u00f3n de ayer en Madrid.<\/p>\n<p style=\"text-align: justify\">Son dos estampas que insisten en lo mismo: la distancia entre quienes tienen exigencias laborales que hacer y los representantes de las estructuras creadas para reclamarlas. Mientras se pide un trabajo digno, se est\u00e1 rechazando a quien ha sido elegido para exigirlo. Eso no puede tener m\u00e1s que una conclusi\u00f3n: si se reniega de quien tiene asignada esa tarea es porque no la ha cumplido.<\/p>\n<p style=\"text-align: justify\">La segunda reflexi\u00f3n tiene que ver con el contenido de lo que estaban demandando los guardias civiles. Su protesta no es solo una reclamaci\u00f3n laboral sino una evidencia de un tic demasiado presente en nuestro contexto. Cuando en una tarea se apela a valores elevados, sentimientos y grandes principios es muy com\u00fan dar por hecha la implicaci\u00f3n en el proyecto. Esa implicaci\u00f3n minimiza, seg\u00fan algunos usos, la importancia de la remuneraci\u00f3n.<\/p>\n<p style=\"text-align: justify\">Si alguien cree en lo que hace y hace suyo el objetivo, el trabajo ya no es solo trabajo. Es proyecto vital. De eso se han aprovechado todo tipo de entidades sociales, culturales y religiosas para explotar sin mala conciencia a sus colaboradores.<\/p>\n<p style=\"text-align: justify\">En el caso de los guardias civiles, no cabe duda de su lucha por Espa\u00f1a y su generosidad al estar dispuestos a dar la sangre. Todo por la patria, dice el lema. Sin embargo, esa entrega no elimina la justa remuneraci\u00f3n que su trabajo requiere. Es m\u00e1s, si tuviera que pagarse un plus de peligrosidad y el riesgo en que viven los guardias civiles, como los militares, no habr\u00eda fondos suficientes para compensarles.<\/p>\n<!-- AddThis Advanced Settings generic via filter on the_content --><!-- AddThis Share Buttons generic via filter on the_content -->","protected":false},"excerpt":{"rendered":"<p>La protesta que ayer protagonizaron los guardias civiles en Madrid evidenci\u00f3 dos cosas: la primera, que un colectivo no necesita a los sindicatos apoltronados para defender sus derechos y, la segunda, que el voluntarismo es un plus en cualquier trabajo y no sustituye a la justa remuneraci\u00f3n. Las im\u00e1genes m\u00e1s curiosas de los \u00faltimos d\u00edas [&hellip;]<!-- AddThis Advanced Settings generic via filter on get_the_excerpt --><!-- AddThis Share Buttons generic via filter on get_the_excerpt --><\/p>\n","protected":false},"author":6,"featured_media":0,"comment_status":"open","ping_status":"closed","sticky":false,"template":"","format":"standard","meta":[],"categories":[4],"tags":[126,159,171],"_links":{"self":[{"href":"https:\/\/blogs.lasprovincias.es\/mariajosepou\/wp-json\/wp\/v2\/posts\/490"}],"collection":[{"href":"https:\/\/blogs.lasprovincias.es\/mariajosepou\/wp-json\/wp\/v2\/posts"}],"about":[{"href":"https:\/\/blogs.lasprovincias.es\/mariajosepou\/wp-json\/wp\/v2\/types\/post"}],"author":[{"embeddable":true,"href":"https:\/\/blogs.lasprovincias.es\/mariajosepou\/wp-json\/wp\/v2\/users\/6"}],"replies":[{"embeddable":true,"href":"https:\/\/blogs.lasprovincias.es\/mariajosepou\/wp-json\/wp\/v2\/comments?post=490"}],"version-history":[{"count":0,"href":"https:\/\/blogs.lasprovincias.es\/mariajosepou\/wp-json\/wp\/v2\/posts\/490\/revisions"}],"wp:attachment":[{"href":"https:\/\/blogs.lasprovincias.es\/mariajosepou\/wp-json\/wp\/v2\/media?parent=490"}],"wp:term":[{"taxonomy":"category","embeddable":true,"href":"https:\/\/blogs.lasprovincias.es\/mariajosepou\/wp-json\/wp\/v2\/categories?post=490"},{"taxonomy":"post_tag","embeddable":true,"href":"https:\/\/blogs.lasprovincias.es\/mariajosepou\/wp-json\/wp\/v2\/tags?post=490"}],"curies":[{"name":"wp","href":"https:\/\/api.w.org\/{rel}","templated":true}]}}