{"id":493,"date":"2010-09-20T07:23:45","date_gmt":"2010-09-20T07:23:45","guid":{"rendered":"http:\/\/firmas.lasprovincias.es\/mariajosepou\/?p=493"},"modified":"2010-09-20T07:23:45","modified_gmt":"2010-09-20T07:23:45","slug":"el-enfado-por-zarra","status":"publish","type":"post","link":"https:\/\/blogs.lasprovincias.es\/mariajosepou\/2010\/09\/20\/el-enfado-por-zarra\/","title":{"rendered":"El enfado por Zarra"},"content":{"rendered":"<p style=\"text-align: justify\"><a href=\"\/mariajosepou\/wp-content\/uploads\/sites\/4\/2010\/09\/plataforma_anti_atc.jpg\"><img loading=\"lazy\" class=\"alignleft size-medium wp-image-494\" src=\"\/mariajosepou\/wp-content\/uploads\/sites\/4\/2010\/09\/plataforma_anti_atc.jpg\" alt=\"\" width=\"300\" height=\"225\" srcset=\"https:\/\/static-blogs.lasprovincias.es\/wp-content\/uploads\/sites\/4\/2010\/09\/plataforma_anti_atc.jpg 768w, https:\/\/static-blogs.lasprovincias.es\/wp-content\/uploads\/sites\/4\/2010\/09\/plataforma_anti_atc-300x225.jpg 300w\" sizes=\"(max-width: 300px) 100vw, 300px\" \/><\/a>Reconozco que hay reacciones pol\u00edticas a las que no concedo ning\u00fan cr\u00e9dito. Ser\u00e1 por lo repetitivas, por lo manipuladoras o por su lejan\u00eda respecto a mi realidad, el caso es que cuando veo o escucho seg\u00fan qu\u00e9 cosas, cambio mentalmente de canal.<\/p>\n<p style=\"text-align: justify\">Es lo que ha terminado por sucederme cada vez que escucho al gobierno valenciano diciendo que el gobierno central es malo de la piel de Barrab\u00e1s. El &#8220;quej\u00edo&#8221; suele ir acompa\u00f1ado de una letan\u00eda de afrentas a cual m\u00e1s p\u00e9rfida.<\/p>\n<p style=\"text-align: justify\">La verdad es que la impresi\u00f3n es que &#8220;el profe nos tiene man\u00eda&#8221; pero a m\u00ed me educaron en la autoevaluaci\u00f3n antes que la acusaci\u00f3n al profesor. Nada que ver con lo que hacen ahora los padres. Entonces nos dec\u00edan, cuando se enteraban de que nos hab\u00edan castigado: &#8220;algo habr\u00e1s hecho; si no, no te hubieran castigado&#8221;; ahora ni siquiera tienen dudas: &#8220;no s\u00e9 qu\u00e9 habr\u00e1 pasado pero tu profesor se va a enterar&#8221;.<\/p>\n<p style=\"text-align: justify\">Con el Consell pasa lo mismo; el discurso permanente es &#8220;el gobierno se va a enterar&#8221;. Y, la verdad, cansa, desmotiva y hace poco cre\u00edble la retah\u00edla de ofensas hist\u00f3ricas.<\/p>\n<p style=\"text-align: justify\">Por eso cuando les vi salir en tromba contra la decisi\u00f3n de instalar el cementerio nuclear en Zarra, lo primero que pens\u00e9 es: &#8220;ya estamos, para una vez que nos conceden algo, nos quejamos&#8221;. Luego me di cuenta de que no nos estaban regalando el caudal de un r\u00edo ni un plus de Fomento para obras paralizadas. Era un vertedero de material radiactivo. Con regalos as\u00ed, qui\u00e9n quiere cumplir a\u00f1os.<\/p>\n<p style=\"text-align: justify\">Sin embargo, no puedo dejar de preguntarme si la escenificaci\u00f3n del enfado se hubiera producido de haber sido otro el gobierno central. O de haberles consultado. Quiz\u00e1s hubi\u00e9ramos asistido a un dosificaci\u00f3n del enfado hasta llegar al momento presente, no tanto porque est\u00e1 a punto de decidirse sino porque est\u00e1n muy cerca las elecciones y el discurso anti-Zapatero tiene tir\u00f3n en esta tierra.<\/p>\n<p style=\"text-align: justify\">No niego que me parece muy bien la protesta por parte de los ciudadanos. Si el pueblo no quiere, las autoridades deben elevar su rechazo. Pero no estaba pensando en eso cuando el Consell se quej\u00f3 de no haber sido consultado.<\/p>\n<!-- AddThis Advanced Settings generic via filter on the_content --><!-- AddThis Share Buttons generic via filter on the_content -->","protected":false},"excerpt":{"rendered":"<p>Reconozco que hay reacciones pol\u00edticas a las que no concedo ning\u00fan cr\u00e9dito. Ser\u00e1 por lo repetitivas, por lo manipuladoras o por su lejan\u00eda respecto a mi realidad, el caso es que cuando veo o escucho seg\u00fan qu\u00e9 cosas, cambio mentalmente de canal. Es lo que ha terminado por sucederme cada vez que escucho al gobierno [&hellip;]<!-- AddThis Advanced Settings generic via filter on get_the_excerpt --><!-- AddThis Share Buttons generic via filter on get_the_excerpt --><\/p>\n","protected":false},"author":6,"featured_media":0,"comment_status":"open","ping_status":"closed","sticky":false,"template":"","format":"standard","meta":[],"categories":[4],"tags":[50,64,136],"_links":{"self":[{"href":"https:\/\/blogs.lasprovincias.es\/mariajosepou\/wp-json\/wp\/v2\/posts\/493"}],"collection":[{"href":"https:\/\/blogs.lasprovincias.es\/mariajosepou\/wp-json\/wp\/v2\/posts"}],"about":[{"href":"https:\/\/blogs.lasprovincias.es\/mariajosepou\/wp-json\/wp\/v2\/types\/post"}],"author":[{"embeddable":true,"href":"https:\/\/blogs.lasprovincias.es\/mariajosepou\/wp-json\/wp\/v2\/users\/6"}],"replies":[{"embeddable":true,"href":"https:\/\/blogs.lasprovincias.es\/mariajosepou\/wp-json\/wp\/v2\/comments?post=493"}],"version-history":[{"count":0,"href":"https:\/\/blogs.lasprovincias.es\/mariajosepou\/wp-json\/wp\/v2\/posts\/493\/revisions"}],"wp:attachment":[{"href":"https:\/\/blogs.lasprovincias.es\/mariajosepou\/wp-json\/wp\/v2\/media?parent=493"}],"wp:term":[{"taxonomy":"category","embeddable":true,"href":"https:\/\/blogs.lasprovincias.es\/mariajosepou\/wp-json\/wp\/v2\/categories?post=493"},{"taxonomy":"post_tag","embeddable":true,"href":"https:\/\/blogs.lasprovincias.es\/mariajosepou\/wp-json\/wp\/v2\/tags?post=493"}],"curies":[{"name":"wp","href":"https:\/\/api.w.org\/{rel}","templated":true}]}}