{"id":502,"date":"2010-09-23T05:17:20","date_gmt":"2010-09-23T05:17:20","guid":{"rendered":"http:\/\/firmas.lasprovincias.es\/mariajosepou\/?p=502"},"modified":"2010-09-23T05:17:20","modified_gmt":"2010-09-23T05:17:20","slug":"el-tunning-ideologico","status":"publish","type":"post","link":"https:\/\/blogs.lasprovincias.es\/mariajosepou\/2010\/09\/23\/el-tunning-ideologico\/","title":{"rendered":"El tunning ideol\u00f3gico"},"content":{"rendered":"<p style=\"text-align: justify\"><a href=\"\/mariajosepou\/wp-content\/uploads\/sites\/4\/2010\/09\/Maite-Iraola-y-Agustin-Navarro-600.jpg\"><img loading=\"lazy\" class=\"alignleft size-medium wp-image-503\" src=\"\/mariajosepou\/wp-content\/uploads\/sites\/4\/2010\/09\/Maite-Iraola-y-Agustin-Navarro-6001.jpg\" alt=\"\" width=\"300\" height=\"186\" \/><\/a>En pol\u00edtica rige el tunning ideol\u00f3gico, esto es, la adaptaci\u00f3n personal y circunstancial de las posiciones que uno adopta. El ejemplo m\u00e1s claro lo tenemos en Zapatero que ayer mismo, en Nueva York, justific\u00f3 sus giros fiscales con la frase: \u00abLas posiciones fundamentalistas conducen al fracaso\u00bb.<\/p>\n<p style=\"text-align: justify\">La cuesti\u00f3n es c\u00f3mo definir \u00abfracaso\u00bb pues de lo que no hay duda es de que no adaptarse a lo que dicen las encuestas puede llevar al fracaso electoral. Si uno no cuida los mensajes seductores a los de derecha e izquierda, es imposible que ampl\u00ede el n\u00famero de votantes. Si es eso lo que piensa Zapatero resulta comprensible su preocupaci\u00f3n. El problema, sin embargo, es establecer el fino l\u00edmite entre coherencia y fundamentalismo.<\/p>\n<p style=\"text-align: justify\">La frase, que deber\u00eda estar esculpida en el frontispicio de la sala de prensa de Moncloa, revela una perspectiva interesante para evaluar a los tr\u00e1nsfugas. \u00bfEs fundamentalista quien exige a su partido coherencia con sus propios principios de forma que, si no se da, se marcha a otro?<\/p>\n<p style=\"text-align: justify\">Ese comportamiento est\u00e1 considerado como el del tr\u00e1nsfuga y, en efecto, lo suele ser porque los partidos no cambian de forma radical y, sobre todo, porque as\u00ed lo indica su posici\u00f3n de privilegio tras el apoyo a otra formaci\u00f3n. Los \u00fanicos tr\u00e1nsfugas que merecen respeto son aquellos que se cambian de grupo sin obtener nada a cambio. Una especie ilusoria, sin duda.<\/p>\n<p style=\"text-align: justify\">Por eso me llama la atenci\u00f3n el doble rasero que el PSPV utiliza para sus militantes. Si quieren presentarse a las primarias, como Asunci\u00f3n, no admiten avales de no afiliados, pero si quieren ser candidatos, como en Benidorm, s\u00ed aceptan e incluso proponen a alguien que se dio de baja. Todos sabemos c\u00f3mo lo hizo y el camelo que nos quieren hacer colar, pero al margen de la tomadura de pelo a la ciudadan\u00eda, la disfunci\u00f3n en el criterio empleado es notable.<\/p>\n<p style=\"text-align: justify\">En resumen, para el PSPV un ex militante no puede avalar a un posible candidato pero s\u00ed ser candidato. No puede apoyar a alguien para representar al partido pero s\u00ed puede representarlo ante los ciudadanos. Es, cuanto menos, curioso por no decir incoherente. Ser\u00e1 que soy una fundamentalista.<\/p>\n<!-- AddThis Advanced Settings generic via filter on the_content --><!-- AddThis Share Buttons generic via filter on the_content -->","protected":false},"excerpt":{"rendered":"<p>En pol\u00edtica rige el tunning ideol\u00f3gico, esto es, la adaptaci\u00f3n personal y circunstancial de las posiciones que uno adopta. El ejemplo m\u00e1s claro lo tenemos en Zapatero que ayer mismo, en Nueva York, justific\u00f3 sus giros fiscales con la frase: \u00abLas posiciones fundamentalistas conducen al fracaso\u00bb. La cuesti\u00f3n es c\u00f3mo definir \u00abfracaso\u00bb pues de lo [&hellip;]<!-- AddThis Advanced Settings generic via filter on get_the_excerpt --><!-- AddThis Share Buttons generic via filter on get_the_excerpt --><\/p>\n","protected":false},"author":6,"featured_media":0,"comment_status":"open","ping_status":"closed","sticky":false,"template":"","format":"standard","meta":[],"categories":[4],"tags":[136],"_links":{"self":[{"href":"https:\/\/blogs.lasprovincias.es\/mariajosepou\/wp-json\/wp\/v2\/posts\/502"}],"collection":[{"href":"https:\/\/blogs.lasprovincias.es\/mariajosepou\/wp-json\/wp\/v2\/posts"}],"about":[{"href":"https:\/\/blogs.lasprovincias.es\/mariajosepou\/wp-json\/wp\/v2\/types\/post"}],"author":[{"embeddable":true,"href":"https:\/\/blogs.lasprovincias.es\/mariajosepou\/wp-json\/wp\/v2\/users\/6"}],"replies":[{"embeddable":true,"href":"https:\/\/blogs.lasprovincias.es\/mariajosepou\/wp-json\/wp\/v2\/comments?post=502"}],"version-history":[{"count":0,"href":"https:\/\/blogs.lasprovincias.es\/mariajosepou\/wp-json\/wp\/v2\/posts\/502\/revisions"}],"wp:attachment":[{"href":"https:\/\/blogs.lasprovincias.es\/mariajosepou\/wp-json\/wp\/v2\/media?parent=502"}],"wp:term":[{"taxonomy":"category","embeddable":true,"href":"https:\/\/blogs.lasprovincias.es\/mariajosepou\/wp-json\/wp\/v2\/categories?post=502"},{"taxonomy":"post_tag","embeddable":true,"href":"https:\/\/blogs.lasprovincias.es\/mariajosepou\/wp-json\/wp\/v2\/tags?post=502"}],"curies":[{"name":"wp","href":"https:\/\/api.w.org\/{rel}","templated":true}]}}