{"id":505,"date":"2010-09-24T14:09:46","date_gmt":"2010-09-24T14:09:46","guid":{"rendered":"http:\/\/firmas.lasprovincias.es\/mariajosepou\/?p=505"},"modified":"2010-09-24T14:09:46","modified_gmt":"2010-09-24T14:09:46","slug":"la-ruta-del-colocon","status":"publish","type":"post","link":"https:\/\/blogs.lasprovincias.es\/mariajosepou\/2010\/09\/24\/la-ruta-del-colocon\/","title":{"rendered":"La ruta del coloc\u00f3n"},"content":{"rendered":"<p style=\"text-align: justify\"><a href=\"\/mariajosepou\/wp-content\/uploads\/sites\/4\/2010\/09\/emebe.jpg\"><img loading=\"lazy\" class=\"alignleft size-medium wp-image-506\" src=\"\/mariajosepou\/wp-content\/uploads\/sites\/4\/2010\/09\/emebe.jpg\" alt=\"\" width=\"300\" height=\"200\" srcset=\"https:\/\/static-blogs.lasprovincias.es\/wp-content\/uploads\/sites\/4\/2010\/09\/emebe.jpg 450w, https:\/\/static-blogs.lasprovincias.es\/wp-content\/uploads\/sites\/4\/2010\/09\/emebe-300x200.jpg 300w\" sizes=\"(max-width: 300px) 100vw, 300px\" \/><\/a>Rita no se lo explica y el concejal Aleixandre debe de estar calculando cu\u00e1nto enjuagar\u00eda el d\u00e9ficit municipal si desecaran la Albufera definitivamente y montaran un fumadero de opio. El problema es que luego le acusen de contaminar un espacio libre de humos. Eso, y que la m\u00fasica de Bob Marley no pega con la vela latina de fondo.<\/p>\n<p style=\"text-align: justify\">La inquietud surgi\u00f3 cuando supimos que en la Albufera hab\u00edan encontrado restos de ocho tipos de drogas: cannabis, coca\u00edna, anfetamina o \u00e9xtasis est\u00e1n convirtiendo la vida de las anguilas en un fin de semana bakalaero sin fin. Con raz\u00f3n luego las pides y se te escurren. Llevan un coloc\u00f3n encima que no necesitan ni piment\u00f3n ni guindilla; ella est\u00e1n ya sabrosonas y picantonas al natural, tal como salen del agua. Un caldo de lo m\u00e1s sustancioso.<\/p>\n<p style=\"text-align: justify\">Tanto es as\u00ed que han cambiado el nombre a &#8216;la ruta del bakalao&#8217; y la han rebautizado, por deferencia gremial con el Se\u00f1or del Pil-Pil, como &#8216;la ruta del coloc\u00f3n&#8217;. Ya lo estoy viendo: la cig\u00fce\u00f1uela com\u00fan bailando bajo la luna crey\u00e9ndola una bola discotequera y pidiendo m\u00e1s farlopa mientras el samaruc entra y sale del agua al grito de \u00ab\u00a1que rule ese peta!\u00bb En una palabra, un macrobotell\u00f3n perpetuo bajo las apacibles aguas de nuestro emblem\u00e1tico paraje natural.<\/p>\n<p style=\"text-align: justify\">Dice la alcaldesa que van a investigar el origen. Yo no mover\u00eda mucho las aguas -nunca mejor dicho- no sea que Corleone Coll Vert est\u00e9 ejerciendo de capo del negocio y vayamos a tener un disgusto municipal de primer orden.<a href=\"\/mariajosepou\/wp-content\/uploads\/sites\/4\/2010\/09\/albufera12.gif\"><img loading=\"lazy\" class=\"size-full wp-image-509 alignright\" src=\"\/mariajosepou\/wp-content\/uploads\/sites\/4\/2010\/09\/albufera12.gif\" alt=\"\" width=\"370\" height=\"230\" \/><\/a><\/p>\n<p style=\"text-align: justify\">\n<p style=\"text-align: justify\">Tambi\u00e9n pide tranquilidad y que no nos alarmemos los ciudadanos. No s\u00e9 por qu\u00e9 lo dice. \u00bfHay alguien alarmado? Yo no solo no me inquieto sino que estoy de lo m\u00e1s divertida. Es m\u00e1s, estoy pensando seriamente pedir mesa un d\u00eda de \u00e9stos, no se vaya a poner el Palmar de bote en bote, con tal de flipar con un platito de all i pebre.<\/p>\n<p style=\"text-align: justify\">Reconozco que con las delicatessen de sus arroces y pescados flipo siempre pero lo recuerdo. En esta ocasi\u00f3n, me refiero a flipar de verdad, superhappy y sin recordar nada al d\u00eda siguiente. Claro que entonces no s\u00e9 si merecer\u00eda la pena.<\/p>\n<!-- AddThis Advanced Settings generic via filter on the_content --><!-- AddThis Share Buttons generic via filter on the_content -->","protected":false},"excerpt":{"rendered":"<p>Rita no se lo explica y el concejal Aleixandre debe de estar calculando cu\u00e1nto enjuagar\u00eda el d\u00e9ficit municipal si desecaran la Albufera definitivamente y montaran un fumadero de opio. El problema es que luego le acusen de contaminar un espacio libre de humos. Eso, y que la m\u00fasica de Bob Marley no pega con la [&hellip;]<!-- AddThis Advanced Settings generic via filter on get_the_excerpt --><!-- AddThis Share Buttons generic via filter on get_the_excerpt --><\/p>\n","protected":false},"author":6,"featured_media":0,"comment_status":"open","ping_status":"closed","sticky":false,"template":"","format":"standard","meta":[],"categories":[4],"tags":[47,152],"_links":{"self":[{"href":"https:\/\/blogs.lasprovincias.es\/mariajosepou\/wp-json\/wp\/v2\/posts\/505"}],"collection":[{"href":"https:\/\/blogs.lasprovincias.es\/mariajosepou\/wp-json\/wp\/v2\/posts"}],"about":[{"href":"https:\/\/blogs.lasprovincias.es\/mariajosepou\/wp-json\/wp\/v2\/types\/post"}],"author":[{"embeddable":true,"href":"https:\/\/blogs.lasprovincias.es\/mariajosepou\/wp-json\/wp\/v2\/users\/6"}],"replies":[{"embeddable":true,"href":"https:\/\/blogs.lasprovincias.es\/mariajosepou\/wp-json\/wp\/v2\/comments?post=505"}],"version-history":[{"count":0,"href":"https:\/\/blogs.lasprovincias.es\/mariajosepou\/wp-json\/wp\/v2\/posts\/505\/revisions"}],"wp:attachment":[{"href":"https:\/\/blogs.lasprovincias.es\/mariajosepou\/wp-json\/wp\/v2\/media?parent=505"}],"wp:term":[{"taxonomy":"category","embeddable":true,"href":"https:\/\/blogs.lasprovincias.es\/mariajosepou\/wp-json\/wp\/v2\/categories?post=505"},{"taxonomy":"post_tag","embeddable":true,"href":"https:\/\/blogs.lasprovincias.es\/mariajosepou\/wp-json\/wp\/v2\/tags?post=505"}],"curies":[{"name":"wp","href":"https:\/\/api.w.org\/{rel}","templated":true}]}}