{"id":51,"date":"2010-04-27T06:21:27","date_gmt":"2010-04-27T06:21:27","guid":{"rendered":"http:\/\/firmas.lasprovincias.es\/mariajosepou\/?p=51"},"modified":"2010-04-27T06:21:27","modified_gmt":"2010-04-27T06:21:27","slug":"los-pulgares-de-alonso","status":"publish","type":"post","link":"https:\/\/blogs.lasprovincias.es\/mariajosepou\/2010\/04\/27\/los-pulgares-de-alonso\/","title":{"rendered":"Los pulgares de Alonso"},"content":{"rendered":"<p style=\"text-align: justify\">Si Fernando Alonso asegura sus pulgares por diez millones de euros, yo voy a asegurar mis neuronas por el doble. Lo malo es que no hay banco que me lo regale b\u00e1sicamente porque el fruto de mis c\u00e9lulas cerebrales no proporciona miles de millones a ninguna empresa.<\/p>\n<p style=\"text-align: justify\">A alguna \u2013quiero pensar- le ofrece tal vez ingresos, tal vez prestigio, tal vez <em>maldecaps<\/em>. Pero todo ello no vale lo que valen los pulgares de Fernando Alonso. Ni las piernas de Jennifer L\u00f3pez ni la voz de Luis Miguel o el cuerpazo de David Beckham, que tambi\u00e9n han sido asegurados por sus respectivos due\u00f1os.<\/p>\n<p style=\"text-align: justify\">Es una pena. Y no lo digo por m\u00ed sino por aquellos cuya materia gris es el resultado de miles de a\u00f1os de evoluci\u00f3n humana y solo se repetir\u00e1 dentro de otros miles de a\u00f1os. De \u00e9sos hay pocos. No es mi caso. Ya me gustar\u00eda.<\/p>\n<p style=\"text-align: justify\">Lo siento por los aficionados pero hay algo obsceno en ese gesto del Santander. Ya s\u00e9 que es su ni\u00f1a bonita; que hace negocios en el mundo gracias a \u00e9l; que su reto personal con Hamilton le abre a Bot\u00edn el mercado anglosaj\u00f3n. S\u00e9 todo eso pero me sigue pareciendo obscena la relaci\u00f3n del dinero y el espect\u00e1culo en lugar de haber logrado en este pa\u00eds que el dinero sustente la cultura. Tampoco es un problema exclusivo de Espa\u00f1a sino del mundo en general, pero entristece. No conozco universidad alguna que haya asegurado los cerebros de sus mejores catedr\u00e1ticos.<\/p>\n<p style=\"text-align: justify\">Y, sin embargo, lo podr\u00edan hacer. Una servidora, si quiere, puede asegurarse el cerebro, as\u00ed como cualquier otra parte del cuerpo. De hecho las aseguradoras ofrecen p\u00f3lizas de tipo profesional para quienes quieren proteger su herramienta de trabajo: las manos, los cirujanos o la voz, un cantante de \u00f3pera.<\/p>\n<p style=\"text-align: justify\">Yo, por eso, voy a sugerir en <em>Las Provincias<\/em> que me aseguren la vista. No la f\u00edsica, que tambi\u00e9n, sino la otra, el ojo cl\u00ednico, para entendernos. La capacidad de ver donde otros no ven y descubrir claves de inter\u00e9s para los valencianos.<\/p>\n<p style=\"text-align: justify\">Que Santa Luc\u00eda te conserve la vista, habr\u00e1 que decir. \u00a1Ahora entiendo el refr\u00e1n m\u00e1s que nunca!<\/p>\n<!-- AddThis Advanced Settings generic via filter on the_content --><!-- AddThis Share Buttons generic via filter on the_content -->","protected":false},"excerpt":{"rendered":"<p>Si Fernando Alonso asegura sus pulgares por diez millones de euros, yo voy a asegurar mis neuronas por el doble. Lo malo es que no hay banco que me lo regale b\u00e1sicamente porque el fruto de mis c\u00e9lulas cerebrales no proporciona miles de millones a ninguna empresa. A alguna \u2013quiero pensar- le ofrece tal vez [&hellip;]<!-- AddThis Advanced Settings generic via filter on get_the_excerpt --><!-- AddThis Share Buttons generic via filter on get_the_excerpt --><\/p>\n","protected":false},"author":6,"featured_media":0,"comment_status":"open","ping_status":"closed","sticky":false,"template":"","format":"standard","meta":[],"categories":[4],"tags":[],"_links":{"self":[{"href":"https:\/\/blogs.lasprovincias.es\/mariajosepou\/wp-json\/wp\/v2\/posts\/51"}],"collection":[{"href":"https:\/\/blogs.lasprovincias.es\/mariajosepou\/wp-json\/wp\/v2\/posts"}],"about":[{"href":"https:\/\/blogs.lasprovincias.es\/mariajosepou\/wp-json\/wp\/v2\/types\/post"}],"author":[{"embeddable":true,"href":"https:\/\/blogs.lasprovincias.es\/mariajosepou\/wp-json\/wp\/v2\/users\/6"}],"replies":[{"embeddable":true,"href":"https:\/\/blogs.lasprovincias.es\/mariajosepou\/wp-json\/wp\/v2\/comments?post=51"}],"version-history":[{"count":0,"href":"https:\/\/blogs.lasprovincias.es\/mariajosepou\/wp-json\/wp\/v2\/posts\/51\/revisions"}],"wp:attachment":[{"href":"https:\/\/blogs.lasprovincias.es\/mariajosepou\/wp-json\/wp\/v2\/media?parent=51"}],"wp:term":[{"taxonomy":"category","embeddable":true,"href":"https:\/\/blogs.lasprovincias.es\/mariajosepou\/wp-json\/wp\/v2\/categories?post=51"},{"taxonomy":"post_tag","embeddable":true,"href":"https:\/\/blogs.lasprovincias.es\/mariajosepou\/wp-json\/wp\/v2\/tags?post=51"}],"curies":[{"name":"wp","href":"https:\/\/api.w.org\/{rel}","templated":true}]}}