{"id":514,"date":"2010-09-26T06:04:36","date_gmt":"2010-09-26T06:04:36","guid":{"rendered":"http:\/\/firmas.lasprovincias.es\/mariajosepou\/?p=514"},"modified":"2010-09-26T06:04:36","modified_gmt":"2010-09-26T06:04:36","slug":"dependencia-y-permiso-laboral","status":"publish","type":"post","link":"https:\/\/blogs.lasprovincias.es\/mariajosepou\/2010\/09\/26\/dependencia-y-permiso-laboral\/","title":{"rendered":"Dependencia y permiso laboral"},"content":{"rendered":"<p style=\"text-align: justify\"><a href=\"\/mariajosepou\/wp-content\/uploads\/sites\/4\/2010\/09\/cancer_0.jpg\"><img loading=\"lazy\" class=\"alignleft size-medium wp-image-515\" src=\"\/mariajosepou\/wp-content\/uploads\/sites\/4\/2010\/09\/cancer_0.jpg\" alt=\"\" width=\"300\" height=\"252\" srcset=\"https:\/\/static-blogs.lasprovincias.es\/wp-content\/uploads\/sites\/4\/2010\/09\/cancer_0.jpg 420w, https:\/\/static-blogs.lasprovincias.es\/wp-content\/uploads\/sites\/4\/2010\/09\/cancer_0-300x253.jpg 300w\" sizes=\"(max-width: 300px) 100vw, 300px\" \/><\/a>Estamos acostumbrados a medir la calidad de vida de un pa\u00eds a partir de la renta per c\u00e1pita, de la esperanza de vida o de los recursos sanitarios a disposici\u00f3n de los ciudadanos. Sin embargo, hay un aspecto que indica no solo eso sino tambi\u00e9n la capacidad de un Estado para responder a las necesidades reales de sus habitantes: la conciliaci\u00f3n de la vida familiar y laboral.<\/p>\n<p style=\"text-align: justify\">El tema no es una demanda laboral recurrente. Es toda una forma de ver la vida donde el ser humano vive para trabajar o trabaja para vivir. Lo razonable y lo avanzado es lo segundo y eso conlleva flexibilidad en las jornadas laborales, integraci\u00f3n del teletrabajo o servicios de guarder\u00edas en las empresas. En una palabra, lograr que trabajar no sea renunciar a vivir. Toda una asignatura pendiente en nuestro pa\u00eds cuyos niveles de conciliaci\u00f3n son todav\u00eda casi tercermundistas.<\/p>\n<p style=\"text-align: justify\">Uno de los casos m\u00e1s sangrantes al respecto ha quedado aliviado un poco esta semana cuando los grupos parlamentarios han aprobado pedir al Gobierno que establezca un permiso retribuido para los padres con hijos gravemente enfermos. La medida se ha tomado por unanimidad lo cual indica unidad de criterio y ratifica la duda que nace nada m\u00e1s conocer la noticia: \u00bfc\u00f3mo no se hab\u00eda aprobado antes? \u00bfNo entraba en ninguna reivindicaci\u00f3n sindical?<\/p>\n<p style=\"text-align: justify\">El problema es que se han quedado a medias y no resulta comprensible.<\/p>\n<p style=\"text-align: justify\">Constantemente se celebran fechas para la concienciaci\u00f3n como el D\u00eda del Alzheimer y se dan a conocer cifras de personas al cuidado de familiares enfermos; cifras que hablan de p\u00e9rdidas de puestos de trabajo por no poder alegar una situaci\u00f3n que rompe cualquier jornada esclavizante en un lugar durante las ocho horas que marca la empresa.<\/p>\n<p style=\"text-align: justify\">Sabemos de esas realidades y sin embargo cuando se plantea el permiso retribuido solo se piensa en padres con hijos y no en hijos con padres. Insistimos en el incremento de la dependencia por el alargamiento de la vida pero no creamos un marco laboral que pueda atenderla.<\/p>\n<p style=\"text-align: justify\">Es, por tanto, una alegr\u00eda enorme por los padres que no tendr\u00e1n que jugarse el trabajo por un hijo pero a\u00fan es una alegr\u00eda incompleta.<\/p>\n<!-- AddThis Advanced Settings generic via filter on the_content --><!-- AddThis Share Buttons generic via filter on the_content -->","protected":false},"excerpt":{"rendered":"<p>Estamos acostumbrados a medir la calidad de vida de un pa\u00eds a partir de la renta per c\u00e1pita, de la esperanza de vida o de los recursos sanitarios a disposici\u00f3n de los ciudadanos. Sin embargo, hay un aspecto que indica no solo eso sino tambi\u00e9n la capacidad de un Estado para responder a las necesidades [&hellip;]<!-- AddThis Advanced Settings generic via filter on get_the_excerpt --><!-- AddThis Share Buttons generic via filter on get_the_excerpt --><\/p>\n","protected":false},"author":6,"featured_media":0,"comment_status":"open","ping_status":"closed","sticky":false,"template":"","format":"standard","meta":[],"categories":[4],"tags":[49,171],"_links":{"self":[{"href":"https:\/\/blogs.lasprovincias.es\/mariajosepou\/wp-json\/wp\/v2\/posts\/514"}],"collection":[{"href":"https:\/\/blogs.lasprovincias.es\/mariajosepou\/wp-json\/wp\/v2\/posts"}],"about":[{"href":"https:\/\/blogs.lasprovincias.es\/mariajosepou\/wp-json\/wp\/v2\/types\/post"}],"author":[{"embeddable":true,"href":"https:\/\/blogs.lasprovincias.es\/mariajosepou\/wp-json\/wp\/v2\/users\/6"}],"replies":[{"embeddable":true,"href":"https:\/\/blogs.lasprovincias.es\/mariajosepou\/wp-json\/wp\/v2\/comments?post=514"}],"version-history":[{"count":0,"href":"https:\/\/blogs.lasprovincias.es\/mariajosepou\/wp-json\/wp\/v2\/posts\/514\/revisions"}],"wp:attachment":[{"href":"https:\/\/blogs.lasprovincias.es\/mariajosepou\/wp-json\/wp\/v2\/media?parent=514"}],"wp:term":[{"taxonomy":"category","embeddable":true,"href":"https:\/\/blogs.lasprovincias.es\/mariajosepou\/wp-json\/wp\/v2\/categories?post=514"},{"taxonomy":"post_tag","embeddable":true,"href":"https:\/\/blogs.lasprovincias.es\/mariajosepou\/wp-json\/wp\/v2\/tags?post=514"}],"curies":[{"name":"wp","href":"https:\/\/api.w.org\/{rel}","templated":true}]}}