{"id":517,"date":"2010-09-27T14:19:03","date_gmt":"2010-09-27T14:19:03","guid":{"rendered":"http:\/\/firmas.lasprovincias.es\/mariajosepou\/?p=517"},"modified":"2010-09-27T14:19:03","modified_gmt":"2010-09-27T14:19:03","slug":"el-aparato-de-trini","status":"publish","type":"post","link":"https:\/\/blogs.lasprovincias.es\/mariajosepou\/2010\/09\/27\/el-aparato-de-trini\/","title":{"rendered":"El aparato de Trini"},"content":{"rendered":"<p style=\"text-align: justify\"><a href=\"\/mariajosepou\/wp-content\/uploads\/sites\/4\/2010\/09\/trinidad-jimenez.jpg\"><img loading=\"lazy\" class=\"alignleft size-medium wp-image-518\" src=\"\/mariajosepou\/wp-content\/uploads\/sites\/4\/2010\/09\/trinidad-jimenez.jpg\" alt=\"\" width=\"202\" height=\"300\" srcset=\"https:\/\/static-blogs.lasprovincias.es\/wp-content\/uploads\/sites\/4\/2010\/09\/trinidad-jimenez.jpg 270w, https:\/\/static-blogs.lasprovincias.es\/wp-content\/uploads\/sites\/4\/2010\/09\/trinidad-jimenez-203x300.jpg 203w\" sizes=\"(max-width: 202px) 100vw, 202px\" \/><\/a>Hoy en d\u00eda parece que no seas nada sin aparato. No me refiero a tener que echar mano de la ortodoncia para salir a la calle como Hannibal Lecter con tal de triunfar. Tampoco a lo que pudiera parecer leyendo solo el titular. Es cierto que algunos creen mandar m\u00e1s por tener uno de \u00e9sos que no comparte Trinidad Jim\u00e9nez ni aspira a conquistar como trofeo de guerra de G\u00f3mez, pero son f\u00f3siles de otro tiempo.<\/p>\n<p style=\"text-align: justify\">Aparato, en tiempos de primarias, de candidatos y de precampa\u00f1as, solo hay uno: el del partido. Eso es poder y lo dem\u00e1s, partidas de Risk.<\/p>\n<p style=\"text-align: justify\">Con las primarias lo que se pone de manifiesto es precisamente eso. El poder en estado puro. La capacidad para mover los hilos y seguir en \u00e9l es la mayor demostraci\u00f3n de poder\u00edo y control. No lo es conseguir los avales ni hacer ruido en los medios de comunicaci\u00f3n. Todo eso, con habilidad, conocimiento del terreno y ganas de gresca es relativamente f\u00e1cil de obtener.<\/p>\n<p style=\"text-align: justify\">El problema es hacer valer esas firmas y acallar a los medios cuando interesa. Eso es, de verdad, tener poder. Y es lo que hacen las Ejecutivas de los partidos en estas duras semanas de primarias. Un cambio de l\u00edder les puede abocar al ostracismo, de modo que est\u00e1 en juego la supervivencia y ah\u00ed todo est\u00e1 permitido. Al fin y al cabo es la guerra.<\/p>\n<p style=\"text-align: justify\">Los pol\u00edticos suelen decir que no es as\u00ed; al contrario, presumen de primarias alegando que es un ejercicio de democracia, pero llegado el test ninguno lo pasa. Una de las pruebas es la autocr\u00edtica pero la m\u00e1xima que se aplica es \u201clos trapos sucios se lavan en casa\u201d.<\/p>\n<p style=\"text-align: justify\">De ese modo el candidato opositor al l\u00edder vigente tiene que justificar el cambio alegando una gesti\u00f3n, cuanto menos, inapropiada. Eso obliga a criticar lo realizado hasta ese momento y a quien lo ha hecho. Sin embargo, para el partido la cr\u00edtica es inadmisible. Por eso tanto G\u00f3mez como -aqu\u00ed- Asunci\u00f3n han tenido que escuchar reproches por atacar al PSOE. \u00bfLa democracia no est\u00e1 hecha de cr\u00edtica y de atenci\u00f3n a la minor\u00eda, al debate y al contraste de opiniones?<\/p>\n<!-- AddThis Advanced Settings generic via filter on the_content --><!-- AddThis Share Buttons generic via filter on the_content -->","protected":false},"excerpt":{"rendered":"<p>Hoy en d\u00eda parece que no seas nada sin aparato. No me refiero a tener que echar mano de la ortodoncia para salir a la calle como Hannibal Lecter con tal de triunfar. Tampoco a lo que pudiera parecer leyendo solo el titular. Es cierto que algunos creen mandar m\u00e1s por tener uno de \u00e9sos [&hellip;]<!-- AddThis Advanced Settings generic via filter on get_the_excerpt --><!-- AddThis Share Buttons generic via filter on get_the_excerpt --><\/p>\n","protected":false},"author":6,"featured_media":0,"comment_status":"open","ping_status":"closed","sticky":false,"template":"","format":"standard","meta":[],"categories":[4],"tags":[16,134,136],"_links":{"self":[{"href":"https:\/\/blogs.lasprovincias.es\/mariajosepou\/wp-json\/wp\/v2\/posts\/517"}],"collection":[{"href":"https:\/\/blogs.lasprovincias.es\/mariajosepou\/wp-json\/wp\/v2\/posts"}],"about":[{"href":"https:\/\/blogs.lasprovincias.es\/mariajosepou\/wp-json\/wp\/v2\/types\/post"}],"author":[{"embeddable":true,"href":"https:\/\/blogs.lasprovincias.es\/mariajosepou\/wp-json\/wp\/v2\/users\/6"}],"replies":[{"embeddable":true,"href":"https:\/\/blogs.lasprovincias.es\/mariajosepou\/wp-json\/wp\/v2\/comments?post=517"}],"version-history":[{"count":0,"href":"https:\/\/blogs.lasprovincias.es\/mariajosepou\/wp-json\/wp\/v2\/posts\/517\/revisions"}],"wp:attachment":[{"href":"https:\/\/blogs.lasprovincias.es\/mariajosepou\/wp-json\/wp\/v2\/media?parent=517"}],"wp:term":[{"taxonomy":"category","embeddable":true,"href":"https:\/\/blogs.lasprovincias.es\/mariajosepou\/wp-json\/wp\/v2\/categories?post=517"},{"taxonomy":"post_tag","embeddable":true,"href":"https:\/\/blogs.lasprovincias.es\/mariajosepou\/wp-json\/wp\/v2\/tags?post=517"}],"curies":[{"name":"wp","href":"https:\/\/api.w.org\/{rel}","templated":true}]}}