{"id":520,"date":"2010-09-28T11:04:56","date_gmt":"2010-09-28T11:04:56","guid":{"rendered":"http:\/\/firmas.lasprovincias.es\/mariajosepou\/?p=520"},"modified":"2010-09-28T11:04:56","modified_gmt":"2010-09-28T11:04:56","slug":"la-primera-piedra","status":"publish","type":"post","link":"https:\/\/blogs.lasprovincias.es\/mariajosepou\/2010\/09\/28\/la-primera-piedra\/","title":{"rendered":"La primera piedra"},"content":{"rendered":"<p style=\"text-align: justify\"><a href=\"\/mariajosepou\/wp-content\/uploads\/sites\/4\/2010\/09\/bbt_ASTIMA20100927_0145_61.jpg\"><img loading=\"lazy\" class=\"alignleft size-medium wp-image-521\" src=\"\/mariajosepou\/wp-content\/uploads\/sites\/4\/2010\/09\/bbt_ASTIMA20100927_0145_61.jpg\" alt=\"\" width=\"300\" height=\"179\" \/><\/a>La piedra tiene unas posibilidades metaf\u00f3ricas casi infinitas. As\u00ed lo demuestra la larga lista de im\u00e1genes con las que podemos relacionarla si pretendemos hablar de la vida y el devenir humano sobre el planeta: la piedra en el camino; la china en el zapato; el c\u00e1lculo biliar y hasta el menhir de Obelix. Cada una es distinta pero todas ellas ayudan a introducir un s\u00edmil neol\u00edtico en la conversaci\u00f3n.<\/p>\n<p style=\"text-align: justify\">Eso hizo ayer \u00c1ngel Luna sin que se le pueda atribuir la elecci\u00f3n del relato evang\u00e9lico pues su intervenci\u00f3n lapidaria -nunca mejor dicho- en Les Corts fue respuesta a Ripoll. \u00c9ste, citando la frase del Nazareno, sugiri\u00f3: \u00abquien est\u00e9 libre de pecado, que tire la primera piedra\u00bb.<\/p>\n<p style=\"text-align: justify\">Decir eso en un hemiciclo como el valenciano solo puede producir dos cosas: o un examen de conciencia colectivo con arrepentidos golpes de pecho -que \u00e9stos no parecen dispuestos a hacer- o un c\u00f3lico nefr\u00edtico simult\u00e1neo que deje descabezada la pol\u00edtica local durante meses.<\/p>\n<p style=\"text-align: justify\">A juzgar por la actitud de Luna, lo suyo fue poco m\u00e1s que arenilla pero arenilla vengativa con gran efecto medi\u00e1tico.<\/p>\n<p style=\"text-align: justify\">Hay que reconocer que competir en las audiencias con el caso &#8216;Malaya&#8217; obligaba a hacer un espect\u00e1culo digno de Jos\u00e9 Luis Moreno, como as\u00ed fue. Yo hubiera preferido que hubiera entrado vestido de Obelix, portando un menhir del tama\u00f1o de Stonehenge y que lo hubiera dejado caer en el dedito me\u00f1ique de Camps al grito \u00ab\u00a1soy la china en tu zapato!\u00bb. De haber hecho eso, el &#8216;Malaya&#8217; no hubiera pasado de tercer puesto en el elenco de titulares televisivos. Y lo que es peor, alguien hubiera podido confundirlo con la Presley del Consell. Y eso s\u00ed que no.<\/p>\n<p style=\"text-align: justify\">Opt\u00f3, en cambio, por tirar una piedrecilla de playa para esc\u00e1ndalo de sus se\u00f1or\u00edas. Hay que decir que a sus se\u00f1or\u00edas les pagan por escandalizarse ante tama\u00f1a ofensa. Si no, \u00bfc\u00f3mo iban a justificar el sueldazo, las vacacionazas y los regalazos que perciben por aplaudir cada 99 minutos a su se\u00f1orito?<\/p>\n<p style=\"text-align: justify\">\u00bfFue un gesto violento? No lo creo, a pesar de que primero quiso tirarlo en la cuneta y ahora lapidarlo. Fue soberbio. Ni Cristo tir\u00f3 una piedra a la ad\u00faltera.<\/p>\n<!-- AddThis Advanced Settings generic via filter on the_content --><!-- AddThis Share Buttons generic via filter on the_content -->","protected":false},"excerpt":{"rendered":"<p>La piedra tiene unas posibilidades metaf\u00f3ricas casi infinitas. As\u00ed lo demuestra la larga lista de im\u00e1genes con las que podemos relacionarla si pretendemos hablar de la vida y el devenir humano sobre el planeta: la piedra en el camino; la china en el zapato; el c\u00e1lculo biliar y hasta el menhir de Obelix. Cada una [&hellip;]<!-- AddThis Advanced Settings generic via filter on get_the_excerpt --><!-- AddThis Share Buttons generic via filter on get_the_excerpt --><\/p>\n","protected":false},"author":6,"featured_media":0,"comment_status":"open","ping_status":"closed","sticky":false,"template":"","format":"standard","meta":[],"categories":[4],"tags":[58,136],"_links":{"self":[{"href":"https:\/\/blogs.lasprovincias.es\/mariajosepou\/wp-json\/wp\/v2\/posts\/520"}],"collection":[{"href":"https:\/\/blogs.lasprovincias.es\/mariajosepou\/wp-json\/wp\/v2\/posts"}],"about":[{"href":"https:\/\/blogs.lasprovincias.es\/mariajosepou\/wp-json\/wp\/v2\/types\/post"}],"author":[{"embeddable":true,"href":"https:\/\/blogs.lasprovincias.es\/mariajosepou\/wp-json\/wp\/v2\/users\/6"}],"replies":[{"embeddable":true,"href":"https:\/\/blogs.lasprovincias.es\/mariajosepou\/wp-json\/wp\/v2\/comments?post=520"}],"version-history":[{"count":0,"href":"https:\/\/blogs.lasprovincias.es\/mariajosepou\/wp-json\/wp\/v2\/posts\/520\/revisions"}],"wp:attachment":[{"href":"https:\/\/blogs.lasprovincias.es\/mariajosepou\/wp-json\/wp\/v2\/media?parent=520"}],"wp:term":[{"taxonomy":"category","embeddable":true,"href":"https:\/\/blogs.lasprovincias.es\/mariajosepou\/wp-json\/wp\/v2\/categories?post=520"},{"taxonomy":"post_tag","embeddable":true,"href":"https:\/\/blogs.lasprovincias.es\/mariajosepou\/wp-json\/wp\/v2\/tags?post=520"}],"curies":[{"name":"wp","href":"https:\/\/api.w.org\/{rel}","templated":true}]}}