{"id":523,"date":"2010-09-29T05:18:53","date_gmt":"2010-09-29T05:18:53","guid":{"rendered":"http:\/\/firmas.lasprovincias.es\/mariajosepou\/?p=523"},"modified":"2010-09-29T05:18:53","modified_gmt":"2010-09-29T05:18:53","slug":"asi-si-que-no","status":"publish","type":"post","link":"https:\/\/blogs.lasprovincias.es\/mariajosepou\/2010\/09\/29\/asi-si-que-no\/","title":{"rendered":"As\u00ed s\u00ed que no"},"content":{"rendered":"<p style=\"text-align: justify\"><a href=\"\/mariajosepou\/wp-content\/uploads\/sites\/4\/2010\/09\/resizer.php_1.jpeg\"><img loading=\"lazy\" class=\"alignleft size-medium wp-image-524\" src=\"\/mariajosepou\/wp-content\/uploads\/sites\/4\/2010\/09\/resizer.php_1.jpg\" alt=\"\" width=\"300\" height=\"200\" \/><\/a>Ma\u00f1ana esta columna traer\u00e1 un nuevo comentario. Mejor o peor, inspirado o convencional, ocurrente o gris, pero llegar\u00e1 puntual a su cita. Eso significa que la arriba firmante lo escribir\u00e1. No lo habr\u00e1 hecho de antemano, como pudiera suceder para hacerme la ilusi\u00f3n de estar haciendo huelga sin faltar a la obligaci\u00f3n. Eso no ser\u00eda parar sino adelantar faena.<\/p>\n<p style=\"text-align: justify\">Lo escribir\u00e9 esta tarde lo que significa que hoy trabajo. La raz\u00f3n es la p\u00e9sima pol\u00edtica econ\u00f3mica de este gobierno junto a su insatisfactoria reforma laboral y la necesidad de que las cosas cambien. Es decir, las razones que arguyen los sindicatos para invitarnos a parar.<\/p>\n<p style=\"text-align: justify\">El problema de esta huelga es la mediaci\u00f3n sindical y con ella la instrumentalizaci\u00f3n del enfado ciudadano. Motivos para hacer o\u00edr la voz hay desde hace, al menos, tres a\u00f1os. Desde que asomaba la realidad y el gobierno la negaba.<\/p>\n<p style=\"text-align: justify\">Desde que supimos que cada minuto se perd\u00edan empleos y los sindicatos callaban. Desde que empezamos a ver c\u00f3mo nuestros amigos, colegas o familiares perd\u00edan su trabajo y nadie propon\u00eda encadenarse a La Moncloa para exigir que dejaran de alimentar el &#8216;pesebre&#8217; con el superavit que \u00edbamos a necesitar despu\u00e9s. Desde que comprobamos c\u00f3mo cerraban empresas y tiendas de toda la vida porque los bancos, a los que ayud\u00e1bamos con el sudor de nuestra frente, no les conced\u00edan cr\u00e9ditos.<\/p>\n<p style=\"text-align: justify\">El lema de la huelga es muy revelador: &#8216;As\u00ed, no&#8217;. En efecto as\u00ed no voy a una huelga. Con retardo y con molestia por entender que es \u00abuna putada\u00bb, es decir, el imperativo social que obliga a ejercer de sindicalista, siquiera por una vez.<\/p>\n<p style=\"text-align: justify\">Esta huelga llega tarde, no solo porque la reforma ya est\u00e9 en camino sino porque la presi\u00f3n deb\u00eda haberse ejercido antes de que aquella tomara forma. Y lo que molesta es saber que de haber gobernado la derecha esa presi\u00f3n s\u00ed se hubiera ejercido y seguramente con sa\u00f1a. En una palabra, si hubiera gobernado el PP quiz\u00e1s los sindicatos hubieran movilizado a Espa\u00f1a para reducir el poder legislativo de los mercados. Lo que han necesitado es un enemigo real, no un amigo simulando hacer la pu\u00f1eta por imposiciones externas.<\/p>\n<!-- AddThis Advanced Settings generic via filter on the_content --><!-- AddThis Share Buttons generic via filter on the_content -->","protected":false},"excerpt":{"rendered":"<p>Ma\u00f1ana esta columna traer\u00e1 un nuevo comentario. Mejor o peor, inspirado o convencional, ocurrente o gris, pero llegar\u00e1 puntual a su cita. Eso significa que la arriba firmante lo escribir\u00e1. No lo habr\u00e1 hecho de antemano, como pudiera suceder para hacerme la ilusi\u00f3n de estar haciendo huelga sin faltar a la obligaci\u00f3n. Eso no ser\u00eda [&hellip;]<!-- AddThis Advanced Settings generic via filter on get_the_excerpt --><!-- AddThis Share Buttons generic via filter on get_the_excerpt --><\/p>\n","protected":false},"author":6,"featured_media":0,"comment_status":"open","ping_status":"closed","sticky":false,"template":"","format":"standard","meta":[],"categories":[4],"tags":[65,159],"_links":{"self":[{"href":"https:\/\/blogs.lasprovincias.es\/mariajosepou\/wp-json\/wp\/v2\/posts\/523"}],"collection":[{"href":"https:\/\/blogs.lasprovincias.es\/mariajosepou\/wp-json\/wp\/v2\/posts"}],"about":[{"href":"https:\/\/blogs.lasprovincias.es\/mariajosepou\/wp-json\/wp\/v2\/types\/post"}],"author":[{"embeddable":true,"href":"https:\/\/blogs.lasprovincias.es\/mariajosepou\/wp-json\/wp\/v2\/users\/6"}],"replies":[{"embeddable":true,"href":"https:\/\/blogs.lasprovincias.es\/mariajosepou\/wp-json\/wp\/v2\/comments?post=523"}],"version-history":[{"count":0,"href":"https:\/\/blogs.lasprovincias.es\/mariajosepou\/wp-json\/wp\/v2\/posts\/523\/revisions"}],"wp:attachment":[{"href":"https:\/\/blogs.lasprovincias.es\/mariajosepou\/wp-json\/wp\/v2\/media?parent=523"}],"wp:term":[{"taxonomy":"category","embeddable":true,"href":"https:\/\/blogs.lasprovincias.es\/mariajosepou\/wp-json\/wp\/v2\/categories?post=523"},{"taxonomy":"post_tag","embeddable":true,"href":"https:\/\/blogs.lasprovincias.es\/mariajosepou\/wp-json\/wp\/v2\/tags?post=523"}],"curies":[{"name":"wp","href":"https:\/\/api.w.org\/{rel}","templated":true}]}}