{"id":526,"date":"2010-09-30T07:17:45","date_gmt":"2010-09-30T07:17:45","guid":{"rendered":"http:\/\/firmas.lasprovincias.es\/mariajosepou\/?p=526"},"modified":"2010-09-30T07:17:45","modified_gmt":"2010-09-30T07:17:45","slug":"el-futbol-y-el-capital","status":"publish","type":"post","link":"https:\/\/blogs.lasprovincias.es\/mariajosepou\/2010\/09\/30\/el-futbol-y-el-capital\/","title":{"rendered":"El f\u00fatbol y el capital"},"content":{"rendered":"<p style=\"text-align: justify\"><a href=\"\/mariajosepou\/wp-content\/uploads\/sites\/4\/2010\/09\/1285779710_extras_portada_31.jpg\"><img loading=\"lazy\" class=\"alignleft size-medium wp-image-527\" src=\"\/mariajosepou\/wp-content\/uploads\/sites\/4\/2010\/09\/1285779710_extras_portada_31.jpg\" alt=\"\" width=\"300\" height=\"100\" \/><\/a>Supongo que quienes ayer se manifestaban contra &#8216;el capital&#8217;, no se oponen a las estrategias que \u00e9ste desarrolla para multiplicarse en manos de unos pocos enriquecidos por perseguir un bal\u00f3n. De lo contrario har\u00edan huelga todos los domingos. Motivos no faltan: \u00bfAcaso no es capital lo que mueve la industria del f\u00fatbol? \u00bfNo son vergonzantes las cifras millonarias de los grandes fichajes?<\/p>\n<p style=\"text-align: justify\">No debe de serlo cuando ning\u00fan piquete impidi\u00f3 la llegada del autob\u00fas del Valencia a Mestalla. No estoy diciendo que debieran haberlo hecho. En absoluto. Como tampoco me parece aceptable la coacci\u00f3n verbal y menos la f\u00edsica a la que sometieron a alg\u00fan trabajador de la limpieza, del transporte o del comercio durante el d\u00eda de ayer.<\/p>\n<p style=\"text-align: justify\">Ellos no tuvieron la suerte de dedicarse a hacer disfrutar a los futboleros. De haber sido as\u00ed la protesta hubiera quedado abandonada en pro de una Champions. \u00bfHubieran aceptado de buen grado los aficionados que los futbolistas se hubieran declarado en huelga de empeines ca\u00eddos?<\/p>\n<p style=\"text-align: justify\">Si aplicamos los comportamientos ma\u00f1aneros al f\u00fatbol, nos hubi\u00e9ramos encontrado con la triste noticia de que el Valencia daba por perdido el partido porque se negaba a jugar contra el Manchester. O que solo hubieran jugado dos defensas, un delantero y un portero a tiempo parcial por aquello de cumplir los servicios m\u00ednimos. Mientras, desde la grada, los piquetes les hubieran gritado \u00abesquiroles\u00bb, hubieran impedido su salida del vestuario o quien sabe si su entrada en la ducha -esto, ya sin c\u00e1maras- y hubieran puesto silicona en los tacos de sus zapatillas.<\/p>\n<p style=\"text-align: justify\">Nadie se plante\u00f3 ayer que no jugara el Valencia o que lo hiciera a medio gas a\u00fan a riesgo de perder el partido. Tampoco hubiera sido bien aceptado por los aficionados que una vez en el campo alguien hubiera anunciado por los altavoces: \u00abel partido ha quedado cancelado\u00bb como se encontraron quienes deb\u00edan coger un avi\u00f3n.<\/p>\n<p style=\"text-align: justify\">Ser\u00e1 porque el capital no tiene nada que ver con el deporte de masas. \u00c9ste se mueve por altruismo y sentido del deber, no por la b\u00fasqueda del beneficio como horizonte existencial. No hay especulaci\u00f3n en el f\u00fatbol. Los clubes, en el fondo, son ONG.<\/p>\n<!-- AddThis Advanced Settings generic via filter on the_content --><!-- AddThis Share Buttons generic via filter on the_content -->","protected":false},"excerpt":{"rendered":"<p>Supongo que quienes ayer se manifestaban contra &#8216;el capital&#8217;, no se oponen a las estrategias que \u00e9ste desarrolla para multiplicarse en manos de unos pocos enriquecidos por perseguir un bal\u00f3n. De lo contrario har\u00edan huelga todos los domingos. Motivos no faltan: \u00bfAcaso no es capital lo que mueve la industria del f\u00fatbol? \u00bfNo son vergonzantes [&hellip;]<!-- AddThis Advanced Settings generic via filter on get_the_excerpt --><!-- AddThis Share Buttons generic via filter on get_the_excerpt --><\/p>\n","protected":false},"author":6,"featured_media":0,"comment_status":"open","ping_status":"closed","sticky":false,"template":"","format":"standard","meta":[],"categories":[4],"tags":[83,159,171],"_links":{"self":[{"href":"https:\/\/blogs.lasprovincias.es\/mariajosepou\/wp-json\/wp\/v2\/posts\/526"}],"collection":[{"href":"https:\/\/blogs.lasprovincias.es\/mariajosepou\/wp-json\/wp\/v2\/posts"}],"about":[{"href":"https:\/\/blogs.lasprovincias.es\/mariajosepou\/wp-json\/wp\/v2\/types\/post"}],"author":[{"embeddable":true,"href":"https:\/\/blogs.lasprovincias.es\/mariajosepou\/wp-json\/wp\/v2\/users\/6"}],"replies":[{"embeddable":true,"href":"https:\/\/blogs.lasprovincias.es\/mariajosepou\/wp-json\/wp\/v2\/comments?post=526"}],"version-history":[{"count":0,"href":"https:\/\/blogs.lasprovincias.es\/mariajosepou\/wp-json\/wp\/v2\/posts\/526\/revisions"}],"wp:attachment":[{"href":"https:\/\/blogs.lasprovincias.es\/mariajosepou\/wp-json\/wp\/v2\/media?parent=526"}],"wp:term":[{"taxonomy":"category","embeddable":true,"href":"https:\/\/blogs.lasprovincias.es\/mariajosepou\/wp-json\/wp\/v2\/categories?post=526"},{"taxonomy":"post_tag","embeddable":true,"href":"https:\/\/blogs.lasprovincias.es\/mariajosepou\/wp-json\/wp\/v2\/tags?post=526"}],"curies":[{"name":"wp","href":"https:\/\/api.w.org\/{rel}","templated":true}]}}