{"id":54,"date":"2010-04-28T05:30:13","date_gmt":"2010-04-28T05:30:13","guid":{"rendered":"http:\/\/firmas.lasprovincias.es\/mariajosepou\/?p=54"},"modified":"2010-04-28T05:30:13","modified_gmt":"2010-04-28T05:30:13","slug":"brasil-o-paradiso","status":"publish","type":"post","link":"https:\/\/blogs.lasprovincias.es\/mariajosepou\/2010\/04\/28\/brasil-o-paradiso\/","title":{"rendered":"Brasil, o paradiso"},"content":{"rendered":"<p style=\"text-align: justify\"><a href=\"\/mariajosepou\/wp-content\/uploads\/sites\/4\/2010\/04\/Carnavall1-700319-700412.jpg\"><img loading=\"lazy\" class=\"size-medium wp-image-57 alignleft\" src=\"\/mariajosepou\/wp-content\/uploads\/sites\/4\/2010\/04\/Carnavall1-700319-700412.jpg\" alt=\"\" width=\"300\" height=\"222\" srcset=\"https:\/\/static-blogs.lasprovincias.es\/wp-content\/uploads\/sites\/4\/2010\/04\/Carnavall1-700319-700412.jpg 630w, https:\/\/static-blogs.lasprovincias.es\/wp-content\/uploads\/sites\/4\/2010\/04\/Carnavall1-700319-700412-300x223.jpg 300w\" sizes=\"(max-width: 300px) 100vw, 300px\" \/><\/a>Decididamente debo emigrar a Brasil. Ya lo anunci\u00e9 con motivo de la designaci\u00f3n de R\u00edo de Janeiro como sede ol\u00edmpica aunque estoy segura que m\u00e1s de uno no me crey\u00f3. No era mera coyuntura ni flor de un d\u00eda. Mi amor a Brasil viene de lejos. Es lo que tiene haber tirado una moneda por encima del hombro en la arena de Copacabana. Que me obliga.<\/p>\n<p style=\"text-align: justify\">Vale, la caipirinha tambi\u00e9n. Por eso lo reitero, y con m\u00e1s fuerza si cabe, en este momento: quiero irme.<\/p>\n<p style=\"text-align: justify\">La raz\u00f3n es que nuestros pol\u00edticos solo se dedican a calentarnos la sangre a cuenta de las Espa\u00f1as, de las reservas h\u00eddricas, las reservas de chipirones en los chiringuitos, las reservas de reservistas en casa de Garz\u00f3n y de mis reservas hacia todos ellos en general.<\/p>\n<p style=\"text-align: justify\">En cambio, los pol\u00edticos brasile\u00f1os son todo lo contrario. Calientan pero no la sangre.<\/p>\n<p style=\"text-align: justify\">El \u00faltimo ha sido el <a href=\"http:\/\/www.lasprovincias.es\/20100427\/mas-actualidad\/mundo\/brasil-recomienda-sexo-cinco-201004271024.html\" target=\"_blank\" rel=\"external nofollow\">ministro de Salud<\/a> que, para reducir la hipertensi\u00f3n, ha pedido a sus conciudadanos que practiquen sexo. Obrigado, baby. <a href=\"http:\/\/www.youtube.com\/watch?v=IHKl63d-TfM&#038;feature=related\" target=\"_blank\" rel=\"external nofollow\">Samba do Brasil, lala lala lala lala<\/a>. \u00a1Que viva Honduras. Y Sao Paolo. Y Bah\u00eda. Y Recife y el mais grande pais ao redor do mondo!<\/p>\n<p style=\"text-align: justify\">\u00bfC\u00f3mo es que todav\u00eda no me he ido? \u00bfQu\u00e9 hago todav\u00eda aqu\u00ed? Y lo que es m\u00e1s importante: \u00bfpor qu\u00e9 no tengo hipertensi\u00f3n?<\/p>\n<p style=\"text-align: justify\">Volviendo al tema, me entusiasma pensar que Brasil es la gran esperanza de Iberoam\u00e9rica, el motor, el futuro, el referente para todo el continente. Me lo explico. Con fen\u00f3menos como \u00e9se, es inevitable. Me refiero al ministro, no a las cifras de hipertensi\u00f3n a pesar de su samba, carnaval y org\u00eda permanentes. Ahora entiendo su tendencia al desmadre. Es pura salud p\u00fablica. \u00a1Y nosotros demoniz\u00e1ndolos, criaturas!<\/p>\n<p style=\"text-align: justify\">El caso es que su ministro, Jos\u00e9 Gomes Temporao, se contrapone a las tristes recomendaciones que hemos sufrido en Espa\u00f1a. \u00bfQui\u00e9n no recuerda la persecuci\u00f3n de las grasas por parte de la Salgado?<\/p>\n<p style=\"text-align: justify\">La lucha p\u00fablica en Espa\u00f1a necesita su Bernarda Alba, en cambio Brasil prefiere marcarse una lambada. Es, quiz\u00e1s, el sino de nuestro pa\u00eds: el tremendismo en blanco y negro frente al colorido del Nuevo Mundo. Pues yo prefiero lo segundo.<\/p>\n<!-- AddThis Advanced Settings generic via filter on the_content --><!-- AddThis Share Buttons generic via filter on the_content -->","protected":false},"excerpt":{"rendered":"<p>Decididamente debo emigrar a Brasil. Ya lo anunci\u00e9 con motivo de la designaci\u00f3n de R\u00edo de Janeiro como sede ol\u00edmpica aunque estoy segura que m\u00e1s de uno no me crey\u00f3. No era mera coyuntura ni flor de un d\u00eda. Mi amor a Brasil viene de lejos. Es lo que tiene haber tirado una moneda por [&hellip;]<!-- AddThis Advanced Settings generic via filter on get_the_excerpt --><!-- AddThis Share Buttons generic via filter on get_the_excerpt --><\/p>\n","protected":false},"author":6,"featured_media":0,"comment_status":"open","ping_status":"closed","sticky":false,"template":"","format":"standard","meta":[],"categories":[4],"tags":[31,136,156],"_links":{"self":[{"href":"https:\/\/blogs.lasprovincias.es\/mariajosepou\/wp-json\/wp\/v2\/posts\/54"}],"collection":[{"href":"https:\/\/blogs.lasprovincias.es\/mariajosepou\/wp-json\/wp\/v2\/posts"}],"about":[{"href":"https:\/\/blogs.lasprovincias.es\/mariajosepou\/wp-json\/wp\/v2\/types\/post"}],"author":[{"embeddable":true,"href":"https:\/\/blogs.lasprovincias.es\/mariajosepou\/wp-json\/wp\/v2\/users\/6"}],"replies":[{"embeddable":true,"href":"https:\/\/blogs.lasprovincias.es\/mariajosepou\/wp-json\/wp\/v2\/comments?post=54"}],"version-history":[{"count":0,"href":"https:\/\/blogs.lasprovincias.es\/mariajosepou\/wp-json\/wp\/v2\/posts\/54\/revisions"}],"wp:attachment":[{"href":"https:\/\/blogs.lasprovincias.es\/mariajosepou\/wp-json\/wp\/v2\/media?parent=54"}],"wp:term":[{"taxonomy":"category","embeddable":true,"href":"https:\/\/blogs.lasprovincias.es\/mariajosepou\/wp-json\/wp\/v2\/categories?post=54"},{"taxonomy":"post_tag","embeddable":true,"href":"https:\/\/blogs.lasprovincias.es\/mariajosepou\/wp-json\/wp\/v2\/tags?post=54"}],"curies":[{"name":"wp","href":"https:\/\/api.w.org\/{rel}","templated":true}]}}