{"id":59,"date":"2010-04-29T06:56:32","date_gmt":"2010-04-29T06:56:32","guid":{"rendered":"http:\/\/firmas.lasprovincias.es\/mariajosepou\/?p=59"},"modified":"2010-04-29T06:56:32","modified_gmt":"2010-04-29T06:56:32","slug":"el-autogafe","status":"publish","type":"post","link":"https:\/\/blogs.lasprovincias.es\/mariajosepou\/2010\/04\/29\/el-autogafe\/","title":{"rendered":"El autogafe"},"content":{"rendered":"<p style=\"text-align: justify\"><a href=\"\/mariajosepou\/wp-content\/uploads\/sites\/4\/2010\/04\/alegria_Zapatero.jpg\"><img loading=\"lazy\" class=\"alignleft size-thumbnail wp-image-60\" src=\"\/mariajosepou\/wp-content\/uploads\/sites\/4\/2010\/04\/alegria_Zapatero.jpg\" alt=\"\" width=\"150\" height=\"150\" \/><\/a>Hace tiempo que no se escucha el comentario con el que se inici\u00f3 el Pontificado de Rodr\u00edguez Zapatero, esto es, con la sospecha de que era <a href=\"http:\/\/www.lasprovincias.es\/alicante\/20071117\/opinion\/ministray-gafe-20071117.html\" target=\"_blank\" rel=\"external nofollow\">gafe<\/a> para los dem\u00e1s mientras \u00e9l iba mejorando. A\u00fan recuerdo c\u00f3mo la psicosis se hizo fuerte en el coraz\u00f3n del aficionado espa\u00f1ol ante la posibilidad de que su presencia anulara cualquier opci\u00f3n de triunfo para <a href=\"http:\/\/www.lasprovincias.es\/valencia\/20080628\/opinion\/zapatero-20080628.html\" target=\"_blank\" rel=\"external nofollow\">la Selecci\u00f3n en el final de la Eurocopa<\/a>. No era gratuito el temor pues hab\u00eda animado a los jugadores espa\u00f1oles en el Mundial y no llegaron a nada.<\/p>\n<p style=\"text-align: justify\">Ya s\u00e9 que todo eso son supercher\u00edas porque bajo su \u00e9gida han ganado Alonso, Nadal o la propia Selecci\u00f3n. Sin embargo tambi\u00e9n otros se han hundido: apoy\u00f3 a Segolene Royal en Francia y Gerhard Schroeder en Alemania y salieran elegidos Nicholas Sarkozy y Angela Merkel.<\/p>\n<p style=\"text-align: justify\">Lo que he empezado a sospechar desde hace un tiempo es que el mal fario se ha dirigido ahora contra \u00e9l. No me pregunten por qu\u00e9. No entiendo de brujas, nigromantes ni gatos negros pero lo veo tan apagadito y desmejorado que est\u00e1 empezando a preocuparme.<\/p>\n<p style=\"text-align: justify\">No es solo por la crisis en la que sus predicciones han tenido menos tino que la ministra Sinde meti\u00e9ndose en charcos, charcas y todo c\u00famulo de agua que encuentra en la autov\u00eda Valencia- Madrid. Es tambi\u00e9n por otros asuntos que nada tienen de previsibles.<\/p>\n<p style=\"text-align: justify\">Con la crisis, lo normal es que tenga problemas sin gafe alguno. La \u00faltima se\u00f1al de que algo est\u00e1 variando en la direcci\u00f3n de la mala fortuna es <a href=\"http:\/\/www.lasprovincias.es\/v\/20100429\/economia\/zapatero-mantiene-discurso-insiste-20100429.html\" target=\"_blank\" rel=\"external nofollow\">su declaraci\u00f3n de \u201chemos tocado techo\u201d <\/a>apenas unas horas antes de que <a href=\"http:\/\/www.lasprovincias.es\/rc\/20100428\/economia\/standard-poor-rebaja-calificacion-201004281738.html\" target=\"_blank\" rel=\"external nofollow\">Standard &#038; Poor\u2019s<\/a> rebajara la calificaci\u00f3n de la deuda. El problema es que sus afirmaciones nunca han sido reales, en cambio la realidad es tozuda como pocas cosas en la vida. De hecho, casi ninguna declaraci\u00f3n suya se cumple.<\/p>\n<p style=\"text-align: justify\">Fuera de la crisis y en medio de un semestre que promet\u00eda ser el <a href=\"http:\/\/www.youtube.com\/watch?v=m5CwQSYIy2k&#038;feature=related\" target=\"_blank\" rel=\"external nofollow\">Folies Bergere<\/a> para lucimiento de la vedette ZP, un inactivo volc\u00e1n island\u00e9s decide desperezarse. Ya es mala pata. Con la de tiempo que hay en 200 a\u00f1os y ten\u00eda que removerse justo cuando ZP es presidente de la Uni\u00f3n.<\/p>\n<!-- AddThis Advanced Settings generic via filter on the_content --><!-- AddThis Share Buttons generic via filter on the_content -->","protected":false},"excerpt":{"rendered":"<p>Hace tiempo que no se escucha el comentario con el que se inici\u00f3 el Pontificado de Rodr\u00edguez Zapatero, esto es, con la sospecha de que era gafe para los dem\u00e1s mientras \u00e9l iba mejorando. A\u00fan recuerdo c\u00f3mo la psicosis se hizo fuerte en el coraz\u00f3n del aficionado espa\u00f1ol ante la posibilidad de que su presencia [&hellip;]<!-- AddThis Advanced Settings generic via filter on get_the_excerpt --><!-- AddThis Share Buttons generic via filter on get_the_excerpt --><\/p>\n","protected":false},"author":6,"featured_media":0,"comment_status":"open","ping_status":"closed","sticky":false,"template":"","format":"standard","meta":[],"categories":[4],"tags":[136,187],"_links":{"self":[{"href":"https:\/\/blogs.lasprovincias.es\/mariajosepou\/wp-json\/wp\/v2\/posts\/59"}],"collection":[{"href":"https:\/\/blogs.lasprovincias.es\/mariajosepou\/wp-json\/wp\/v2\/posts"}],"about":[{"href":"https:\/\/blogs.lasprovincias.es\/mariajosepou\/wp-json\/wp\/v2\/types\/post"}],"author":[{"embeddable":true,"href":"https:\/\/blogs.lasprovincias.es\/mariajosepou\/wp-json\/wp\/v2\/users\/6"}],"replies":[{"embeddable":true,"href":"https:\/\/blogs.lasprovincias.es\/mariajosepou\/wp-json\/wp\/v2\/comments?post=59"}],"version-history":[{"count":0,"href":"https:\/\/blogs.lasprovincias.es\/mariajosepou\/wp-json\/wp\/v2\/posts\/59\/revisions"}],"wp:attachment":[{"href":"https:\/\/blogs.lasprovincias.es\/mariajosepou\/wp-json\/wp\/v2\/media?parent=59"}],"wp:term":[{"taxonomy":"category","embeddable":true,"href":"https:\/\/blogs.lasprovincias.es\/mariajosepou\/wp-json\/wp\/v2\/categories?post=59"},{"taxonomy":"post_tag","embeddable":true,"href":"https:\/\/blogs.lasprovincias.es\/mariajosepou\/wp-json\/wp\/v2\/tags?post=59"}],"curies":[{"name":"wp","href":"https:\/\/api.w.org\/{rel}","templated":true}]}}