{"id":614,"date":"2010-10-24T07:03:06","date_gmt":"2010-10-24T07:03:06","guid":{"rendered":"http:\/\/firmas.lasprovincias.es\/mariajosepou\/?p=614"},"modified":"2010-10-24T07:03:06","modified_gmt":"2010-10-24T07:03:06","slug":"las-caras-del-pp","status":"publish","type":"post","link":"https:\/\/blogs.lasprovincias.es\/mariajosepou\/2010\/10\/24\/las-caras-del-pp\/","title":{"rendered":"Las caras del PP"},"content":{"rendered":"<p style=\"text-align: justify\"><a href=\"\/mariajosepou\/wp-content\/uploads\/sites\/4\/2010\/10\/560792_2.jpg\"><img loading=\"lazy\" class=\"alignleft size-medium wp-image-615\" src=\"\/mariajosepou\/wp-content\/uploads\/sites\/4\/2010\/10\/560792_2.jpg\" alt=\"\" width=\"300\" height=\"142\" srcset=\"https:\/\/static-blogs.lasprovincias.es\/wp-content\/uploads\/sites\/4\/2010\/10\/560792_2.jpg 380w, https:\/\/static-blogs.lasprovincias.es\/wp-content\/uploads\/sites\/4\/2010\/10\/560792_2-300x142.jpg 300w\" sizes=\"(max-width: 300px) 100vw, 300px\" \/><\/a>Siento decirlo pero ya estamos en campa\u00f1a. No me refiero a las elecciones locales que celebraremos en mayo sino a las generales. Para \u00e9sas a\u00fan queda a\u00f1o y medio. Larga campa\u00f1a, pues. Pero no puede concluirse otra cosa tras escuchar a Zapatero en el Comit\u00e9 Federal del partido celebrado ayer en Madrid.<\/p>\n<p style=\"text-align: justify\">La clave hay que encontrarla en la reacci\u00f3n socialista ante los cambios gubernamentales. Sin duda, la del PP ha sido tr\u00e1gica y se ha evidenciado en una conversaci\u00f3n pillada por las c\u00e1maras entre M\u00aa Dolores de Cospedal, Javier Arenas y P\u00edo Garc\u00eda Escudero. En ese &#8220;robado&#8221; audiovisual -cualquier d\u00eda los asesores los preparar\u00e1n tal y como se hace con los robados fotogr\u00e1ficos-, los l\u00edderes del PP mostraban su preocupaci\u00f3n por un gobierno mejor.<\/p>\n<p style=\"text-align: justify\">Comentarios como \u00e9se han hecho decir a Zapatero que &#8220;solo con verles las caras, sabemos que hemos acertado&#8221;. Si reveladora era la conversaci\u00f3n del PP, m\u00e1s reveladora a\u00fan es el comentario de ZP. Si el acierto del cambio de gobierno ha sido hundir el \u00e1nimo del PP, el objetivo no era Espa\u00f1a ni superar la crisis sino superar la crisis de liderazgo del PSOE. Y eso, aqu\u00ed y en Pek\u00edn, es utilizar a un pa\u00eds como reh\u00e9n de una estrategia electoral.<\/p>\n<p style=\"text-align: justify\">Al partido en el gobierno poco le importa si son los ministros que van a sacar a Espa\u00f1a del agujero en el que est\u00e1. Prueba de ello es que no se ha cambiado a la ministra de Econom\u00eda. Solo al de Trabajo. La pol\u00edtica econ\u00f3mica va a ser la misma, pero ahora se trata de calmar (\u00bfa\u00fan m\u00e1s?) a los sindicatos para que nunca se vea Zapatero en una tesitura como la francesa. Porque lo de Francia aqu\u00ed ser\u00eda m\u00e1s perjudicial para su continuidad que el 11-M para la de Aznar.<\/p>\n<p style=\"text-align: justify\">La renovaci\u00f3n del gobierno ha pretendido dar una patada al PP en sus mism\u00edsimos. Y lo ha logrado. Y no hac\u00eda falta que lo revelara Zapatero. La llegada de Rubalcaba y sus dos claves han sido definitivas. La primera, centrar sus iras en el PP; la segunda, convertir a los ministros en agitadores. Vienen tiempos de elecciones y de propaganda en dosis mort\u00edferas.<\/p>\n<!-- AddThis Advanced Settings generic via filter on the_content --><!-- AddThis Share Buttons generic via filter on the_content -->","protected":false},"excerpt":{"rendered":"<p>Siento decirlo pero ya estamos en campa\u00f1a. No me refiero a las elecciones locales que celebraremos en mayo sino a las generales. Para \u00e9sas a\u00fan queda a\u00f1o y medio. Larga campa\u00f1a, pues. Pero no puede concluirse otra cosa tras escuchar a Zapatero en el Comit\u00e9 Federal del partido celebrado ayer en Madrid. La clave hay [&hellip;]<!-- AddThis Advanced Settings generic via filter on get_the_excerpt --><!-- AddThis Share Buttons generic via filter on get_the_excerpt --><\/p>\n","protected":false},"author":6,"featured_media":0,"comment_status":"open","ping_status":"closed","sticky":false,"template":"","format":"standard","meta":[],"categories":[4],"tags":[187],"_links":{"self":[{"href":"https:\/\/blogs.lasprovincias.es\/mariajosepou\/wp-json\/wp\/v2\/posts\/614"}],"collection":[{"href":"https:\/\/blogs.lasprovincias.es\/mariajosepou\/wp-json\/wp\/v2\/posts"}],"about":[{"href":"https:\/\/blogs.lasprovincias.es\/mariajosepou\/wp-json\/wp\/v2\/types\/post"}],"author":[{"embeddable":true,"href":"https:\/\/blogs.lasprovincias.es\/mariajosepou\/wp-json\/wp\/v2\/users\/6"}],"replies":[{"embeddable":true,"href":"https:\/\/blogs.lasprovincias.es\/mariajosepou\/wp-json\/wp\/v2\/comments?post=614"}],"version-history":[{"count":0,"href":"https:\/\/blogs.lasprovincias.es\/mariajosepou\/wp-json\/wp\/v2\/posts\/614\/revisions"}],"wp:attachment":[{"href":"https:\/\/blogs.lasprovincias.es\/mariajosepou\/wp-json\/wp\/v2\/media?parent=614"}],"wp:term":[{"taxonomy":"category","embeddable":true,"href":"https:\/\/blogs.lasprovincias.es\/mariajosepou\/wp-json\/wp\/v2\/categories?post=614"},{"taxonomy":"post_tag","embeddable":true,"href":"https:\/\/blogs.lasprovincias.es\/mariajosepou\/wp-json\/wp\/v2\/tags?post=614"}],"curies":[{"name":"wp","href":"https:\/\/api.w.org\/{rel}","templated":true}]}}