{"id":62,"date":"2010-04-30T06:52:10","date_gmt":"2010-04-30T06:52:10","guid":{"rendered":"http:\/\/firmas.lasprovincias.es\/mariajosepou\/?p=62"},"modified":"2010-04-30T06:52:10","modified_gmt":"2010-04-30T06:52:10","slug":"un-terrorista-en-la-universidad","status":"publish","type":"post","link":"https:\/\/blogs.lasprovincias.es\/mariajosepou\/2010\/04\/30\/un-terrorista-en-la-universidad\/","title":{"rendered":"Un terrorista en la Universidad"},"content":{"rendered":"<p style=\"text-align: justify\">Para muchos norteamericanos, Mahmud Ahmadineyad es la representaci\u00f3n del Eje del Mal. Ir\u00e1n es el pa\u00eds del Demonio y su presidente es su seguro servidor.<\/p>\n<p style=\"text-align: justify\">Por eso verle entrar en la Universidad de Columbia para dar una conferencia fue un shock demasiado grande. Hubo <a href=\"http:\/\/www.lasprovincias.es\/prensa\/20070925\/internacional\/estados-unidos-recibe-presidente_20070925.html\" target=\"_blank\" rel=\"external nofollow\">protestas<\/a> en las calles, abucheos en la sala donde se desarroll\u00f3 el acto y risas entre el auditorio cuando el l\u00edder extremista se atrevi\u00f3 a asegurar que en Ir\u00e1n no hay homosexuales.<\/p>\n<p style=\"text-align: justify\"><a href=\"\/mariajosepou\/wp-content\/uploads\/sites\/4\/2010\/04\/2253136w.jpg\"><img loading=\"lazy\" class=\"alignleft size-thumbnail wp-image-63\" src=\"\/mariajosepou\/wp-content\/uploads\/sites\/4\/2010\/04\/2253136w.jpg\" alt=\"\" width=\"150\" height=\"150\" \/><\/a>Lo m\u00e1s importante de aquel extra\u00f1o momento en la vida de una de las mejores Universidades del mundo fue que se le dej\u00f3 hablar pero se le contest\u00f3.<\/p>\n<p style=\"text-align: justify\">La Universidad es el templo del debate, del contraste de opiniones y de la diferencia de ideas que pueden contraponerse a base de argumentos, no por la fuerza. Por eso el punto de partida en la pol\u00e9mica sobre la presencia de un ex<a href=\"http:\/\/www.lasprovincias.es\/v\/20100427\/comunitat\/universitat-cede-instalaciones-terrorista-20100427.html\" target=\"_blank\" rel=\"external nofollow\"> terrorista de Terra Lliure en la Universitat de Val\u00e8ncia<\/a>, a mi modo de ver, es la inconveniencia de negar la palabra a alguien en un foro universitario.<\/p>\n<p style=\"text-align: justify\">Ahora bien, dar la palabra no es dar la raz\u00f3n. Y ah\u00ed es donde ha fallado la Universitat. \u00c9sta es el reino de la Diosa Raz\u00f3n y con ella es con la que se debe desmontar toda la demagogia terrorista empezando por <a href=\"http:\/\/www.lasprovincias.es\/v\/20100428\/comunitat\/sastre-defiende-creacion-terra-20100428.html\" target=\"_blank\" rel=\"external nofollow\">el uso de la palabra \u201clucha\u201d para justificar el asesinato<\/a>.<\/p>\n<p style=\"text-align: justify\">Junto a eso no puede obviarse el elemento emocional que acompa\u00f1a la realidad del terrorismo y sus consecuencias brutales. En ese sentido, repugna ver a un terrorista impartiendo doctrina a dos pasos de donde ETA mat\u00f3 a Broseta. Es la misma universidad que ha enterrado a uno de los suyos a manos del terrorismo la que cede sus aulas para escucharle, por eso produce v\u00f3mito darle voz.<\/p>\n<p style=\"text-align: justify\">Pero, dada \u00e9sta, hay que quitarle la raz\u00f3n. La presencia de Carles Sastre requer\u00eda respuesta. Cuando Ahmadineyad fue a la Columbia, <a href=\"http:\/\/www.youtube.com\/watch?v=tDsDQCfZQ-I\" target=\"_blank\" rel=\"external nofollow\">el Rector le present\u00f3 como un dictador<\/a> y los alumnos le pusieron en un brete a base de preguntas inc\u00f3modas. Es decir, vencieron por la palabra. Eso falt\u00f3 el otro d\u00eda en Blasco Ib\u00e1\u00f1ez: que la raz\u00f3n venciera a la sinraz\u00f3n terrorista.<\/p>\n<!-- AddThis Advanced Settings generic via filter on the_content --><!-- AddThis Share Buttons generic via filter on the_content -->","protected":false},"excerpt":{"rendered":"<p>Para muchos norteamericanos, Mahmud Ahmadineyad es la representaci\u00f3n del Eje del Mal. Ir\u00e1n es el pa\u00eds del Demonio y su presidente es su seguro servidor. Por eso verle entrar en la Universidad de Columbia para dar una conferencia fue un shock demasiado grande. Hubo protestas en las calles, abucheos en la sala donde se desarroll\u00f3 [&hellip;]<!-- AddThis Advanced Settings generic via filter on get_the_excerpt --><!-- AddThis Share Buttons generic via filter on get_the_excerpt --><\/p>\n","protected":false},"author":6,"featured_media":0,"comment_status":"open","ping_status":"closed","sticky":false,"template":"","format":"standard","meta":[],"categories":[4],"tags":[169,176],"_links":{"self":[{"href":"https:\/\/blogs.lasprovincias.es\/mariajosepou\/wp-json\/wp\/v2\/posts\/62"}],"collection":[{"href":"https:\/\/blogs.lasprovincias.es\/mariajosepou\/wp-json\/wp\/v2\/posts"}],"about":[{"href":"https:\/\/blogs.lasprovincias.es\/mariajosepou\/wp-json\/wp\/v2\/types\/post"}],"author":[{"embeddable":true,"href":"https:\/\/blogs.lasprovincias.es\/mariajosepou\/wp-json\/wp\/v2\/users\/6"}],"replies":[{"embeddable":true,"href":"https:\/\/blogs.lasprovincias.es\/mariajosepou\/wp-json\/wp\/v2\/comments?post=62"}],"version-history":[{"count":0,"href":"https:\/\/blogs.lasprovincias.es\/mariajosepou\/wp-json\/wp\/v2\/posts\/62\/revisions"}],"wp:attachment":[{"href":"https:\/\/blogs.lasprovincias.es\/mariajosepou\/wp-json\/wp\/v2\/media?parent=62"}],"wp:term":[{"taxonomy":"category","embeddable":true,"href":"https:\/\/blogs.lasprovincias.es\/mariajosepou\/wp-json\/wp\/v2\/categories?post=62"},{"taxonomy":"post_tag","embeddable":true,"href":"https:\/\/blogs.lasprovincias.es\/mariajosepou\/wp-json\/wp\/v2\/tags?post=62"}],"curies":[{"name":"wp","href":"https:\/\/api.w.org\/{rel}","templated":true}]}}