{"id":628,"date":"2010-10-28T05:27:15","date_gmt":"2010-10-28T05:27:15","guid":{"rendered":"http:\/\/firmas.lasprovincias.es\/mariajosepou\/?p=628"},"modified":"2010-10-28T05:27:15","modified_gmt":"2010-10-28T05:27:15","slug":"en-blanco-y-negro","status":"publish","type":"post","link":"https:\/\/blogs.lasprovincias.es\/mariajosepou\/2010\/10\/28\/en-blanco-y-negro\/","title":{"rendered":"En blanco y negro"},"content":{"rendered":"<p style=\"text-align: justify\"><a href=\"\/mariajosepou\/wp-content\/uploads\/sites\/4\/2010\/10\/efe_20101027_114425_pa1722_11.jpg\"><img loading=\"lazy\" class=\"alignleft size-medium wp-image-629\" src=\"\/mariajosepou\/wp-content\/uploads\/sites\/4\/2010\/10\/efe_20101027_114425_pa1722_11.jpg\" alt=\"\" width=\"300\" height=\"169\" \/><\/a>Voy a dejar de ver los debates parlamentarios. Despu\u00e9s del de ayer, se me han quitado las ganas de conocer ni propuestas, ni argumentos ni r\u00e9plicas. Todas ellas, como el mandamiento cristiano, se resumen en dos: golpear\u00e1s al contrario con todas tus fuerzas y defender\u00e1s al partido hasta la muerte.<\/p>\n<p style=\"text-align: justify\">Lo peor es que lo visto ayer va a ser la banda sonora hasta las elecciones de 2012. Queda a\u00f1o y medio de reproches mutuos con una meta volante en las elecciones locales y auton\u00f3micas del a\u00f1o pr\u00f3ximo. Los reproches, adem\u00e1s, no se ci\u00f1en a lo que unos acaban de proponer y otros acaban de rechazar. Ojala.<\/p>\n<p style=\"text-align: justify\">Nuestros pol\u00edticos, dirigidos por la astuta batuta, valga la cacofon\u00eda, de Rubalcaba en el caso socialista y de no-s\u00e9-cu\u00e1l-es-peor en el popular, se dedicaron a echarse en cara el pasado. A veces, muy pasado.<\/p>\n<p style=\"text-align: justify\">El PP recuerda a Rubalcaba lo que fue. Y hace bien. Conviene saber de d\u00f3nde viene uno para intuir ad\u00f3nde va. Mucho m\u00e1s en pol\u00edtica. Si en la vida es conveniente saber qu\u00e9 ha hecho un sujeto hasta la actualidad para prever qu\u00e9 har\u00e1 en el futuro, en pol\u00edtica ese protocolo es imprescindible. No niego que se pueda cambiar pero la esencia no var\u00eda. Y menos a cierta edad.<\/p>\n<p style=\"text-align: justify\">Rubalcaba fue el de \u00abmerecemos un gobierno que no nos mienta\u00bb en el 11-M. Veremos. Porque la frase tambi\u00e9n implica que no nos mienta ni por acci\u00f3n ni omisi\u00f3n ni disimulo. Dir\u00eda m\u00e1s: que no nos mienta d\u00e1ndonos una visi\u00f3n edulcorada de la realidad.<\/p>\n<p style=\"text-align: justify\">Para atacar, \u00e9l y sus ministros se dedicaron a recordarle al PP su gesti\u00f3n en el gobierno usando pura ret\u00f3rica hueca preparada solo para los telediarios. As\u00ed, por ejemplo, hab\u00eda que escuchar a Leire Paj\u00edn acusar al PP de haber ignorado a las familias y no haber apoyado ayudas para \u00e9stas. Es sonrojante. Que se lo digan a las familias numerosas y las grandes ayudas que reciben del gobierno socialista. O a aquellas mujeres que deciden tener el hijo cuando el sistema le invita a no hacerlo por ser una carga econ\u00f3mica insuperable.<\/p>\n<p style=\"text-align: justify\">El &#8216;Cu\u00e9ntame&#8217; se ha instalado en la vida pol\u00edtica. Puro blanco y negro.<\/p>\n<!-- AddThis Advanced Settings generic via filter on the_content --><!-- AddThis Share Buttons generic via filter on the_content -->","protected":false},"excerpt":{"rendered":"<p>Voy a dejar de ver los debates parlamentarios. Despu\u00e9s del de ayer, se me han quitado las ganas de conocer ni propuestas, ni argumentos ni r\u00e9plicas. Todas ellas, como el mandamiento cristiano, se resumen en dos: golpear\u00e1s al contrario con todas tus fuerzas y defender\u00e1s al partido hasta la muerte. Lo peor es que lo [&hellip;]<!-- AddThis Advanced Settings generic via filter on get_the_excerpt --><!-- AddThis Share Buttons generic via filter on get_the_excerpt --><\/p>\n","protected":false},"author":6,"featured_media":0,"comment_status":"open","ping_status":"closed","sticky":false,"template":"","format":"standard","meta":[],"categories":[4],"tags":[58,136,149,154],"_links":{"self":[{"href":"https:\/\/blogs.lasprovincias.es\/mariajosepou\/wp-json\/wp\/v2\/posts\/628"}],"collection":[{"href":"https:\/\/blogs.lasprovincias.es\/mariajosepou\/wp-json\/wp\/v2\/posts"}],"about":[{"href":"https:\/\/blogs.lasprovincias.es\/mariajosepou\/wp-json\/wp\/v2\/types\/post"}],"author":[{"embeddable":true,"href":"https:\/\/blogs.lasprovincias.es\/mariajosepou\/wp-json\/wp\/v2\/users\/6"}],"replies":[{"embeddable":true,"href":"https:\/\/blogs.lasprovincias.es\/mariajosepou\/wp-json\/wp\/v2\/comments?post=628"}],"version-history":[{"count":0,"href":"https:\/\/blogs.lasprovincias.es\/mariajosepou\/wp-json\/wp\/v2\/posts\/628\/revisions"}],"wp:attachment":[{"href":"https:\/\/blogs.lasprovincias.es\/mariajosepou\/wp-json\/wp\/v2\/media?parent=628"}],"wp:term":[{"taxonomy":"category","embeddable":true,"href":"https:\/\/blogs.lasprovincias.es\/mariajosepou\/wp-json\/wp\/v2\/categories?post=628"},{"taxonomy":"post_tag","embeddable":true,"href":"https:\/\/blogs.lasprovincias.es\/mariajosepou\/wp-json\/wp\/v2\/tags?post=628"}],"curies":[{"name":"wp","href":"https:\/\/api.w.org\/{rel}","templated":true}]}}