{"id":631,"date":"2010-10-29T05:29:08","date_gmt":"2010-10-29T05:29:08","guid":{"rendered":"http:\/\/firmas.lasprovincias.es\/mariajosepou\/?p=631"},"modified":"2010-10-29T05:29:08","modified_gmt":"2010-10-29T05:29:08","slug":"la-beatificacion-de-moreno","status":"publish","type":"post","link":"https:\/\/blogs.lasprovincias.es\/mariajosepou\/2010\/10\/29\/la-beatificacion-de-moreno\/","title":{"rendered":"La beatificaci\u00f3n de Moreno"},"content":{"rendered":"<p style=\"text-align: justify\"><a href=\"\/mariajosepou\/wp-content\/uploads\/sites\/4\/2010\/10\/Roque_Moreno_portavoz_del_PSPV_en_Alicante1.jpg\"><img loading=\"lazy\" class=\"alignleft size-full wp-image-632\" src=\"\/mariajosepou\/wp-content\/uploads\/sites\/4\/2010\/10\/Roque_Moreno_portavoz_del_PSPV_en_Alicante1.jpg\" alt=\"\" width=\"260\" height=\"173\" \/><\/a>No ser\u00e9 yo quien censure a un cargo p\u00fablico por llorar. Ni a un hombre por hacerlo, sea o no pol\u00edtico. Tambi\u00e9n los ministros son personas y yo siempre me fiar\u00e9 m\u00e1s de uno capaz de conmoverse que de un hier\u00e1tico fr\u00edo y calculador.<\/p>\n<p style=\"text-align: justify\">Pero una cosa es emocionarse al tener que dejar un cargo y un equipo humano, como le ocurri\u00f3 a Moratinos, y otra, decir que es emocionante escuchar la dimisi\u00f3n de Roque Moreno, como hizo ayer Alarte.<\/p>\n<p style=\"text-align: justify\">Entiendo que lo que pretende explicar es que resulta m\u00e1s digno admitir un error y asumir las consecuencias que enrocarse en \u00e9l y no cambiar ni un \u00e1pice su discurso. Sin embargo de ah\u00ed a afirmar, como hizo el secretario del PSPV, que se sent\u00eda orgulloso y hac\u00eda tiempo que no se hab\u00eda emocionado con una declaraci\u00f3n p\u00fablica, hay un abismo del tama\u00f1o de la fosa de las Marianas.<\/p>\n<p style=\"text-align: justify\">El problema no est\u00e1 en la dimisi\u00f3n, que le honra. El problema est\u00e1 en el cu\u00e1ndo de la dimisi\u00f3n, porque \u00e9sta no se ha producido 24 horas despu\u00e9s de la llamada al empresario Ortiz, una vez que Moreno hubo recapacitado y hubo tomado conciencia de que lo suyo estaba feo sino cuando la Justicia ha aireado un comportamiento cuestionable.<\/p>\n<p style=\"text-align: justify\">De acuerdo en que otros no han pensado siquiera en apartarse preventivamente ante todo un archivador de datos inquietantes en manos del juez pero eso no resta ni un \u00e1pice de nuestro argumentario. Moreno no actu\u00f3 bien. Y no fue porque pidiera un favor sino por su posible devoluci\u00f3n. El problema de todos los imputados, sospechosos o dudosos no es que pasaran un fin de semana en un yate de lujo sino que luego tomaran decisiones a cambio de ese weekend. Decisiones que miraran m\u00e1s por el inter\u00e9s particular de un empresario que por el de la ciudadan\u00eda. Ah\u00ed radica el problema.<\/p>\n<p style=\"text-align: justify\">Por eso me sorprenden las alharacas por dimitir cuando le sacan los trapos sucios. \u00bfLo hubiera hecho si no hubiera salido en los papeles? Conced\u00e1mosle el beneficio de la duda pero es mal indicio que nada supi\u00e9ramos hasta que as\u00ed ocurri\u00f3. Ahora, su beatificaci\u00f3n es parte de la campa\u00f1a electoral.<\/p>\n<!-- AddThis Advanced Settings generic via filter on the_content --><!-- AddThis Share Buttons generic via filter on the_content -->","protected":false},"excerpt":{"rendered":"<p>No ser\u00e9 yo quien censure a un cargo p\u00fablico por llorar. Ni a un hombre por hacerlo, sea o no pol\u00edtico. Tambi\u00e9n los ministros son personas y yo siempre me fiar\u00e9 m\u00e1s de uno capaz de conmoverse que de un hier\u00e1tico fr\u00edo y calculador. Pero una cosa es emocionarse al tener que dejar un cargo [&hellip;]<!-- AddThis Advanced Settings generic via filter on get_the_excerpt --><!-- AddThis Share Buttons generic via filter on get_the_excerpt --><\/p>\n","protected":false},"author":6,"featured_media":0,"comment_status":"open","ping_status":"closed","sticky":false,"template":"","format":"standard","meta":[],"categories":[4],"tags":[134,136],"_links":{"self":[{"href":"https:\/\/blogs.lasprovincias.es\/mariajosepou\/wp-json\/wp\/v2\/posts\/631"}],"collection":[{"href":"https:\/\/blogs.lasprovincias.es\/mariajosepou\/wp-json\/wp\/v2\/posts"}],"about":[{"href":"https:\/\/blogs.lasprovincias.es\/mariajosepou\/wp-json\/wp\/v2\/types\/post"}],"author":[{"embeddable":true,"href":"https:\/\/blogs.lasprovincias.es\/mariajosepou\/wp-json\/wp\/v2\/users\/6"}],"replies":[{"embeddable":true,"href":"https:\/\/blogs.lasprovincias.es\/mariajosepou\/wp-json\/wp\/v2\/comments?post=631"}],"version-history":[{"count":0,"href":"https:\/\/blogs.lasprovincias.es\/mariajosepou\/wp-json\/wp\/v2\/posts\/631\/revisions"}],"wp:attachment":[{"href":"https:\/\/blogs.lasprovincias.es\/mariajosepou\/wp-json\/wp\/v2\/media?parent=631"}],"wp:term":[{"taxonomy":"category","embeddable":true,"href":"https:\/\/blogs.lasprovincias.es\/mariajosepou\/wp-json\/wp\/v2\/categories?post=631"},{"taxonomy":"post_tag","embeddable":true,"href":"https:\/\/blogs.lasprovincias.es\/mariajosepou\/wp-json\/wp\/v2\/tags?post=631"}],"curies":[{"name":"wp","href":"https:\/\/api.w.org\/{rel}","templated":true}]}}