{"id":634,"date":"2010-10-30T08:20:09","date_gmt":"2010-10-30T08:20:09","guid":{"rendered":"http:\/\/firmas.lasprovincias.es\/mariajosepou\/?p=634"},"modified":"2010-10-30T08:20:09","modified_gmt":"2010-10-30T08:20:09","slug":"un-tal-alfredo","status":"publish","type":"post","link":"https:\/\/blogs.lasprovincias.es\/mariajosepou\/2010\/10\/30\/un-tal-alfredo\/","title":{"rendered":"Un tal Alfredo"},"content":{"rendered":"<p style=\"text-align: justify\"><a href=\"\/mariajosepou\/wp-content\/uploads\/sites\/4\/2010\/10\/lady-gaga-091210-8_01.jpg\"><img loading=\"lazy\" class=\"alignleft size-medium wp-image-636\" src=\"\/mariajosepou\/wp-content\/uploads\/sites\/4\/2010\/10\/lady-gaga-091210-8_01.jpg\" alt=\"\" width=\"187\" height=\"300\" \/><\/a>No s\u00e9 si disfrazarme de Lady Gaga o de Rubalcaba. Estoy dudando toda la semana y a\u00fan no me he decidido. El caso es que no s\u00e9 qui\u00e9n da m\u00e1s miedo para una noche de Halloween, la reina de la excentricidad USA o el rey de la conspiraci\u00f3n zarista.<\/p>\n<p style=\"text-align: justify\">Ya s\u00e9 que la duda es extra\u00f1a porque, para noche de espectros, lo cl\u00e1sico es ir de bruja, de zombi o de calabaza y para los tres podr\u00eda escoger el vestido de filetes de ternera de Lady Gaga con una peluca naranja e ir\u00eda estupenda. Sin embargo vestirme de Rubalcaba tiene su punto.<\/p>\n<p style=\"text-align: justify\">Es cierto que el look Gaga es mucho m\u00e1s sexy, provocador y alternativo. Alternativo para m\u00ed que me caracterizo por cierta discreci\u00f3n en el vestir dada mi escasa afici\u00f3n a cors\u00e9s gal\u00e1cticos. Al menos, para diario.<\/p>\n<p style=\"text-align: justify\">Pero la er\u00f3tica del poder tiene tambi\u00e9n una capacidad de atracci\u00f3n importante, da terror y aproxima al mundo de lo paranormal. Lo que no acaba de gustarme es tener que ponerme barba pues para pelo postizo ya me coloco extensiones color fucsia y minifalda de cuadros y digo que voy de personaje manga.<\/p>\n<p style=\"text-align: justify\">Ahora bien, mi duda se ha acrecentado al conocer las declaraciones de la alcaldesa de Alicante sobre el caso Brugal. Dice Sonia Castedo que en el sumario se menciona a <a href=\"http:\/\/www.lasprovincias.es\/prensa\/20101030\/politica\/alfredo-sacude-pleno-ayuntamiento-20101030.html\" target=\"_blank\" rel=\"external nofollow\">\u00abun tal Alfredo\u00bb<\/a>.<\/p>\n<p style=\"text-align: justify\">Uf, qu\u00e9 miedo. A m\u00ed es decir \u00abAlfredo\u00bb y casta\u00f1earme los dientes. \u00bfPor qu\u00e9? Ah, no s\u00e9. No alcanzo a entenderlo. Debe de ser un trauma infantil o una reminiscencia de una vida anterior, aunque la verdad es que solo recuerdo un Alfredo en mi infancia que vend\u00eda fiambre y era un abuelito encantador. \u00bfHe dicho \u00abfiambre\u00bb? Oh, my God.<\/p>\n<p style=\"text-align: justify\">Supongo que el miedo insuperable tiene que ver con personajes terror\u00edficos que me han dado grima, susto, miedo, truco o trato: Freddy Krueger sin ir m\u00e1s lejos, que es un Alfredo venido a m\u00e1s; Alfred Hitchcock y su cuchillo psic\u00f3tico en la ducha o Fred y Rosemary West, los asesinos de la casa de los horrores.<\/p>\n<p style=\"text-align: justify\">Por eso lo del \u00abtal Alfredo\u00bb me ha dado miedito. No s\u00e9 ni tan siquiera si saldr\u00e9 de casa ma\u00f1ana.<\/p>\n<!-- AddThis Advanced Settings generic via filter on the_content --><!-- AddThis Share Buttons generic via filter on the_content -->","protected":false},"excerpt":{"rendered":"<p>No s\u00e9 si disfrazarme de Lady Gaga o de Rubalcaba. Estoy dudando toda la semana y a\u00fan no me he decidido. El caso es que no s\u00e9 qui\u00e9n da m\u00e1s miedo para una noche de Halloween, la reina de la excentricidad USA o el rey de la conspiraci\u00f3n zarista. Ya s\u00e9 que la duda es [&hellip;]<!-- AddThis Advanced Settings generic via filter on get_the_excerpt --><!-- AddThis Share Buttons generic via filter on get_the_excerpt --><\/p>\n","protected":false},"author":6,"featured_media":0,"comment_status":"open","ping_status":"closed","sticky":false,"template":"","format":"standard","meta":[],"categories":[4],"tags":[136,154],"_links":{"self":[{"href":"https:\/\/blogs.lasprovincias.es\/mariajosepou\/wp-json\/wp\/v2\/posts\/634"}],"collection":[{"href":"https:\/\/blogs.lasprovincias.es\/mariajosepou\/wp-json\/wp\/v2\/posts"}],"about":[{"href":"https:\/\/blogs.lasprovincias.es\/mariajosepou\/wp-json\/wp\/v2\/types\/post"}],"author":[{"embeddable":true,"href":"https:\/\/blogs.lasprovincias.es\/mariajosepou\/wp-json\/wp\/v2\/users\/6"}],"replies":[{"embeddable":true,"href":"https:\/\/blogs.lasprovincias.es\/mariajosepou\/wp-json\/wp\/v2\/comments?post=634"}],"version-history":[{"count":0,"href":"https:\/\/blogs.lasprovincias.es\/mariajosepou\/wp-json\/wp\/v2\/posts\/634\/revisions"}],"wp:attachment":[{"href":"https:\/\/blogs.lasprovincias.es\/mariajosepou\/wp-json\/wp\/v2\/media?parent=634"}],"wp:term":[{"taxonomy":"category","embeddable":true,"href":"https:\/\/blogs.lasprovincias.es\/mariajosepou\/wp-json\/wp\/v2\/categories?post=634"},{"taxonomy":"post_tag","embeddable":true,"href":"https:\/\/blogs.lasprovincias.es\/mariajosepou\/wp-json\/wp\/v2\/tags?post=634"}],"curies":[{"name":"wp","href":"https:\/\/api.w.org\/{rel}","templated":true}]}}