{"id":70,"date":"2010-05-02T07:20:36","date_gmt":"2010-05-02T07:20:36","guid":{"rendered":"http:\/\/firmas.lasprovincias.es\/mariajosepou\/?p=70"},"modified":"2010-05-02T07:20:36","modified_gmt":"2010-05-02T07:20:36","slug":"el-prestige-de-obama","status":"publish","type":"post","link":"https:\/\/blogs.lasprovincias.es\/mariajosepou\/2010\/05\/02\/el-prestige-de-obama\/","title":{"rendered":"El \u201cPrestige\u201d de Obama"},"content":{"rendered":"<p style=\"text-align: justify\"><a href=\"\/mariajosepou\/wp-content\/uploads\/sites\/4\/2010\/05\/EFE_3066597.jpg\"><img loading=\"lazy\" class=\"alignleft size-thumbnail wp-image-71\" src=\"\/mariajosepou\/wp-content\/uploads\/sites\/4\/2010\/05\/EFE_3066597.jpg\" alt=\"\" width=\"150\" height=\"150\" \/><\/a>No me explico c\u00f3mo los de \u201cNunca mais\u201d no est\u00e1n ya en el <a href=\"http:\/\/www.lasprovincias.es\/v\/20100502\/mundo\/vertido-golfo-mexico-toca-20100502.html\" target=\"_blank\" rel=\"external nofollow\">Golfo de M\u00e9xico<\/a> recogiendo chapapote sabor barbacoa y llenando el Mississipi con pancartas de \u201cAnymore\u201d junto a la cara de Rajoy y Aznar (\u00c1nsar, para que lo entiendan los yankees). Ya se sabe que el Maligno existe y lleva bigote. Y \u00e9l es el causante de todo tipo de cat\u00e1strofe: hambrunas, volcanes, inundaciones, ca\u00edda de aviones, contaminaci\u00f3n ambiental, jefes aficionados al mobbing, dolores menstruales o tetra bricks de leche caducados en d\u00eda de fiesta.<\/p>\n<p style=\"text-align: justify\">Imagino que si a\u00fan no han llegado all\u00ed para culpar a las multinacionales de rapi\u00f1a es porque no quieren contaminar m\u00e1s y en lugar de viajar en barco o avi\u00f3n lo hacen en canoa a remo o en carabela con vela latina. As\u00ed, para cuando las ni\u00f1as de Obama sean madres, quiz\u00e1s habr\u00e1n alcanzado la costa.<\/p>\n<p style=\"text-align: justify\">El caso es que, mientras eso sucede, la desembocadura del famoso r\u00edo de Tom Sawyer se ha convertido en la \u201cMux\u00eda\u201d de Obama, esa zona cero en la que el petr\u00f3leo puede matar no solo cualquier forma de vida sino tambi\u00e9n buena parte de la credibilidad de un presidente de gobierno. Todo depender\u00e1 de lo bien o mal orquestada que est\u00e9 la protesta contra \u00e9l.<\/p>\n<p style=\"text-align: justify\">\u00bfDe qu\u00e9 sirvi\u00f3 la dura campa\u00f1a del \u201c<a href=\"http:\/\/www.nuncamais.org\/\" target=\"_blank\" rel=\"external nofollow\">Nunca Mais<\/a>\u201d?, me pregunto mientras veo las im\u00e1genes del derrame de BP. \u00bfFue algo m\u00e1s que una gran operaci\u00f3n de desgaste contra el gobierno popular? \u00bfQu\u00e9 ha cambiado desde entonces para que podamos afirmar, de verdad, que \u201cnunca m\u00e1s\u201d va a repetirse el desastre ecol\u00f3gico que provoc\u00f3 el hundimiento del Prestige?<\/p>\n<p style=\"text-align: justify\">No conozco el impacto de la campa\u00f1a en t\u00e9rminos de realidad. S\u00ed por lo que a portadas de prensa se refiere pero no en cuanto a cambios legislativos, creaci\u00f3n de \u00f3rganos de supervisi\u00f3n o regulaci\u00f3n espec\u00edfica.<\/p>\n<p style=\"text-align: justify\">Sin embargo, se me encoge el alma cuando pienso en el permiso del Gobierno para hacer <a href=\"http:\/\/www.lasprovincias.es\/valencia\/20090519\/local\/valenciana\/congreso-pedira-gobierno-autorice-200905191551.html\" target=\"_blank\" rel=\"external nofollow\">prospecciones petrol\u00edferas frente a las costas de Valencia<\/a>. No lo digo por la prospecci\u00f3n sino por la posibilidad de que alguien quisiera ganar dinero sacando petr\u00f3leo frente a El Cabanyal. \u00bfSer\u00eda \u00e9se un modo de proteger su patrimonio?<\/p>\n<!-- AddThis Advanced Settings generic via filter on the_content --><!-- AddThis Share Buttons generic via filter on the_content -->","protected":false},"excerpt":{"rendered":"<p>No me explico c\u00f3mo los de \u201cNunca mais\u201d no est\u00e1n ya en el Golfo de M\u00e9xico recogiendo chapapote sabor barbacoa y llenando el Mississipi con pancartas de \u201cAnymore\u201d junto a la cara de Rajoy y Aznar (\u00c1nsar, para que lo entiendan los yankees). Ya se sabe que el Maligno existe y lleva bigote. Y \u00e9l [&hellip;]<!-- AddThis Advanced Settings generic via filter on get_the_excerpt --><!-- AddThis Share Buttons generic via filter on get_the_excerpt --><\/p>\n","protected":false},"author":6,"featured_media":0,"comment_status":"open","ping_status":"closed","sticky":false,"template":"","format":"standard","meta":[],"categories":[4],"tags":[32,121,136],"_links":{"self":[{"href":"https:\/\/blogs.lasprovincias.es\/mariajosepou\/wp-json\/wp\/v2\/posts\/70"}],"collection":[{"href":"https:\/\/blogs.lasprovincias.es\/mariajosepou\/wp-json\/wp\/v2\/posts"}],"about":[{"href":"https:\/\/blogs.lasprovincias.es\/mariajosepou\/wp-json\/wp\/v2\/types\/post"}],"author":[{"embeddable":true,"href":"https:\/\/blogs.lasprovincias.es\/mariajosepou\/wp-json\/wp\/v2\/users\/6"}],"replies":[{"embeddable":true,"href":"https:\/\/blogs.lasprovincias.es\/mariajosepou\/wp-json\/wp\/v2\/comments?post=70"}],"version-history":[{"count":0,"href":"https:\/\/blogs.lasprovincias.es\/mariajosepou\/wp-json\/wp\/v2\/posts\/70\/revisions"}],"wp:attachment":[{"href":"https:\/\/blogs.lasprovincias.es\/mariajosepou\/wp-json\/wp\/v2\/media?parent=70"}],"wp:term":[{"taxonomy":"category","embeddable":true,"href":"https:\/\/blogs.lasprovincias.es\/mariajosepou\/wp-json\/wp\/v2\/categories?post=70"},{"taxonomy":"post_tag","embeddable":true,"href":"https:\/\/blogs.lasprovincias.es\/mariajosepou\/wp-json\/wp\/v2\/tags?post=70"}],"curies":[{"name":"wp","href":"https:\/\/api.w.org\/{rel}","templated":true}]}}