{"id":73,"date":"2010-05-03T07:50:27","date_gmt":"2010-05-03T07:50:27","guid":{"rendered":"http:\/\/firmas.lasprovincias.es\/mariajosepou\/?p=73"},"modified":"2010-05-03T07:50:27","modified_gmt":"2010-05-03T07:50:27","slug":"subastas-y-velos","status":"publish","type":"post","link":"https:\/\/blogs.lasprovincias.es\/mariajosepou\/2010\/05\/03\/subastas-y-velos\/","title":{"rendered":"Subastas y velos"},"content":{"rendered":"<p style=\"text-align: justify\"><a href=\"\/mariajosepou\/wp-content\/uploads\/sites\/4\/2010\/05\/subasta2304x228.jpg\"><img loading=\"lazy\" class=\"alignleft size-thumbnail wp-image-74\" src=\"\/mariajosepou\/wp-content\/uploads\/sites\/4\/2010\/05\/subasta2304x228.jpg\" alt=\"\" width=\"150\" height=\"150\" \/><\/a>En medio de la pol\u00e9mica por el velo isl\u00e1mico, <a href=\"http:\/\/www.lasprovincias.es\/v\/20100503\/sociedad\/policia-guardia-civil-impiden-20100503.html\" target=\"_blank\" rel=\"external nofollow\">una discoteca en Navas del Rey<\/a> se propone subastar a una mujer durante una fiesta. Dicen que es para promocionar ese establecimiento tras su reciente reinauguraci\u00f3n. No s\u00e9 si acertar\u00e1n con esa estrategia de mercadotecnia -me temo que s\u00ed- pero puedo asegurar que a m\u00ed no me encontrar\u00e1n all\u00ed ni aunque me subasten a George Clooney.<\/p>\n<p style=\"text-align: justify\">Ya s\u00e9 que habr\u00e1 a quien le parezca inadecuado comparar una situaci\u00f3n con otra pero no puedo evitar la relaci\u00f3n cuando pienso en el factor de voluntariedad que se esgrime para rechazar el velo.<\/p>\n<p style=\"text-align: justify\">A veces, nuestra mirada sobre otras costumbres o sobre otras culturas est\u00e1 mediatizada por el prejuicio y solo as\u00ed se entiende no tanto nuestra censura de aquellas sino la incapacidad para ver lo mismo en nuestro propio entorno.<\/p>\n<p style=\"text-align: justify\">Encuentro justificada la cr\u00edtica al velo entre mujeres musulmanas cuando su uso no es voluntario ni responde a un ejercicio de libertad como s\u00ed es portar un h\u00e1bito entre las religiosas, mayores de edad y sometidas a un proceso de discernimiento. Por eso me cuesta aceptar que una ni\u00f1a lleve el hijab libremente pues en esas edades las opciones no son tan voluntarias como nos quieren hacer creer algunos padres.<\/p>\n<p style=\"text-align: justify\">Sin embargo no deja de asombrarme nuestra ligereza al juzgar a una mujer que decide cubrirse la cabeza como signo no de opresi\u00f3n sino de respeto a Dios mientras damos por v\u00e1lida la decisi\u00f3n de una joven que se subasta en una fiesta.<\/p>\n<p style=\"text-align: justify\">En este \u00faltimo caso no hay un hombre opresor como s\u00ed denuncian algunos entre las mujeres musulmanas pero hay algo peor: la opresi\u00f3n est\u00e1 oculta, interiorizada y asumida como libertad. Es, por tanto, mucho peor. Aqu\u00ed no tenemos un hombre al que culpar o un dios al que reprochar. Tenemos, en cambio, a un grupo de mujeres presuntamente liberadas -liberad\u00edsmas- que, sin embargo, desconocen su esclavitud.<\/p>\n<p style=\"text-align: justify\">Son presas de una cultura machista que no requiere velos sino premios, aplausos y distinciones al cuerpo m\u00e1s espectacular y entregado. Si eso es un avance cultural, casi me quedo con el hijab y el decoro como forma de autorrespeto.<\/p>\n<!-- AddThis Advanced Settings generic via filter on the_content --><!-- AddThis Share Buttons generic via filter on the_content -->","protected":false},"excerpt":{"rendered":"<p>En medio de la pol\u00e9mica por el velo isl\u00e1mico, una discoteca en Navas del Rey se propone subastar a una mujer durante una fiesta. Dicen que es para promocionar ese establecimiento tras su reciente reinauguraci\u00f3n. No s\u00e9 si acertar\u00e1n con esa estrategia de mercadotecnia -me temo que s\u00ed- pero puedo asegurar que a m\u00ed no [&hellip;]<!-- AddThis Advanced Settings generic via filter on get_the_excerpt --><!-- AddThis Share Buttons generic via filter on get_the_excerpt --><\/p>\n","protected":false},"author":6,"featured_media":0,"comment_status":"open","ping_status":"closed","sticky":false,"template":"","format":"standard","meta":[],"categories":[4],"tags":[97,116],"_links":{"self":[{"href":"https:\/\/blogs.lasprovincias.es\/mariajosepou\/wp-json\/wp\/v2\/posts\/73"}],"collection":[{"href":"https:\/\/blogs.lasprovincias.es\/mariajosepou\/wp-json\/wp\/v2\/posts"}],"about":[{"href":"https:\/\/blogs.lasprovincias.es\/mariajosepou\/wp-json\/wp\/v2\/types\/post"}],"author":[{"embeddable":true,"href":"https:\/\/blogs.lasprovincias.es\/mariajosepou\/wp-json\/wp\/v2\/users\/6"}],"replies":[{"embeddable":true,"href":"https:\/\/blogs.lasprovincias.es\/mariajosepou\/wp-json\/wp\/v2\/comments?post=73"}],"version-history":[{"count":0,"href":"https:\/\/blogs.lasprovincias.es\/mariajosepou\/wp-json\/wp\/v2\/posts\/73\/revisions"}],"wp:attachment":[{"href":"https:\/\/blogs.lasprovincias.es\/mariajosepou\/wp-json\/wp\/v2\/media?parent=73"}],"wp:term":[{"taxonomy":"category","embeddable":true,"href":"https:\/\/blogs.lasprovincias.es\/mariajosepou\/wp-json\/wp\/v2\/categories?post=73"},{"taxonomy":"post_tag","embeddable":true,"href":"https:\/\/blogs.lasprovincias.es\/mariajosepou\/wp-json\/wp\/v2\/tags?post=73"}],"curies":[{"name":"wp","href":"https:\/\/api.w.org\/{rel}","templated":true}]}}