{"id":77,"date":"2010-05-04T05:41:53","date_gmt":"2010-05-04T05:41:53","guid":{"rendered":"http:\/\/firmas.lasprovincias.es\/mariajosepou\/?p=77"},"modified":"2010-05-04T05:41:53","modified_gmt":"2010-05-04T05:41:53","slug":"el-banador-abrigo","status":"publish","type":"post","link":"https:\/\/blogs.lasprovincias.es\/mariajosepou\/2010\/05\/04\/el-banador-abrigo\/","title":{"rendered":"El ba\u00f1ador abrigo"},"content":{"rendered":"<p style=\"text-align: justify\"><a href=\"\/mariajosepou\/wp-content\/uploads\/sites\/4\/2010\/05\/fotonoticia_20100503134433_500.jpg\"><img loading=\"lazy\" class=\"alignleft size-thumbnail wp-image-78\" src=\"\/mariajosepou\/wp-content\/uploads\/sites\/4\/2010\/05\/fotonoticia_20100503134433_500.jpg\" alt=\"\" width=\"150\" height=\"150\" srcset=\"https:\/\/static-blogs.lasprovincias.es\/wp-content\/uploads\/sites\/4\/2010\/05\/fotonoticia_20100503134433_500.jpg 500w, https:\/\/static-blogs.lasprovincias.es\/wp-content\/uploads\/sites\/4\/2010\/05\/fotonoticia_20100503134433_500-150x150.jpg 150w, https:\/\/static-blogs.lasprovincias.es\/wp-content\/uploads\/sites\/4\/2010\/05\/fotonoticia_20100503134433_500-300x300.jpg 300w\" sizes=\"(max-width: 150px) 100vw, 150px\" \/><\/a>Estoy aburrida de la ropa de invierno. Aunque parec\u00eda que ya pod\u00edamos cambiar armarios y empezar con la manga corta, todo ha sido una ilusi\u00f3n \u00f3ptica. O t\u00e9rmica. O r\u00fastica. Yo qu\u00e9 s\u00e9.<\/p>\n<p style=\"text-align: justify\">El caso es que el ba\u00f1ador que usted se puso la semana pasada para tomar el sol \u00abaunque no me ba\u00f1e\u00bb no es tal. Ya s\u00e9 que lo parece y que, como abriguito, calienta m\u00e1s bien poco pero no se enga\u00f1e. Usted no ha pisado la playa ni ha sacado las chanclas. Eso fue realidad virtual. Un rato de consola y poco m\u00e1s. <a href=\"http:\/\/www.lasprovincias.es\/prensa\/20100504\/comunitat\/nieve-vuelve-castellon-granizo-20100504.html\" target=\"_blank\" rel=\"external nofollow\">El inverno no se ha ido. Se empe\u00f1a en quedarse<\/a>.<\/p>\n<p style=\"text-align: justify\">A m\u00ed tanta agua y tanto fr\u00edo me est\u00e1n haciendo climoesc\u00e9ptica, pluvioal\u00e9rgica y ultrarr\u00e1bica. O sea, me est\u00e1n tocando las narices hasta donde usted y yo sabemos, y siento que mi mundo se llena de hongos con tanta humedad. Valencia, a este paso, va a parecer un parque tem\u00e1tico de las corrientes submarinas. Un Oceanogr\u00e1fic de dimensiones urbanas.<\/p>\n<p style=\"text-align: justify\">Una semana m\u00e1s y llamo al <a href=\"http:\/\/www.youtube.com\/watch?v=iENpwqNU9-I\" target=\"_blank\" rel=\"external nofollow\">primo de Rajoy<\/a> para pedirle cita, consejo y hasta un aut\u00f3grafo. Y si me asegura que el calentamiento global es porque no hay quien desenchufe el brasero de la mesa camilla, igual me pienso si pedirle tambi\u00e9n matrimonio y una suscripci\u00f3n al Meteosat.<\/p>\n<p style=\"text-align: justify\">Esto, de cambio clim\u00e1tico tiene m\u00e1s bien poco. O, para ser exactos, tiene much\u00edsimo. Cambio hay. S\u00ed. Tanto que a ratos no s\u00e9 si conducir por la derecha o por la izquierda e incluso he de confesar que he tenido alucinaciones frente al Micalet. \u00a1Pues no me parec\u00eda el Big Ben pero sin dar la hora! Y casi me meto en la catedral a visitar la tumba de Newton en un momento &#8216;flashforward&#8217; de mi pr\u00f3xima visita a Londres.<\/p>\n<p style=\"text-align: justify\">\u00a1Estoy harrrta! Hasta el kimono de tanto paraguas, tanta calefacci\u00f3n, pe\u00facos y botas de lluvia. \u00bfVolver\u00e1 el verano?<\/p>\n<p style=\"text-align: justify\">S\u00ed, ya s\u00e9 que me arrepentir\u00e9 de esta columna cuando le pida a Cavadas que me implante un paipay en lugar de mano all\u00e1 por el mes de julio pero cr\u00e9ame si le digo que este a\u00f1o no le har\u00e9 tantos ascos al calor. \u00a1Por \u00e9stas!<\/p>\n<!-- AddThis Advanced Settings generic via filter on the_content --><!-- AddThis Share Buttons generic via filter on the_content -->","protected":false},"excerpt":{"rendered":"<p>Estoy aburrida de la ropa de invierno. Aunque parec\u00eda que ya pod\u00edamos cambiar armarios y empezar con la manga corta, todo ha sido una ilusi\u00f3n \u00f3ptica. O t\u00e9rmica. O r\u00fastica. Yo qu\u00e9 s\u00e9. El caso es que el ba\u00f1ador que usted se puso la semana pasada para tomar el sol \u00abaunque no me ba\u00f1e\u00bb no [&hellip;]<!-- AddThis Advanced Settings generic via filter on get_the_excerpt --><!-- AddThis Share Buttons generic via filter on get_the_excerpt --><\/p>\n","protected":false},"author":6,"featured_media":0,"comment_status":"open","ping_status":"closed","sticky":false,"template":"","format":"standard","meta":[],"categories":[4],"tags":[47],"_links":{"self":[{"href":"https:\/\/blogs.lasprovincias.es\/mariajosepou\/wp-json\/wp\/v2\/posts\/77"}],"collection":[{"href":"https:\/\/blogs.lasprovincias.es\/mariajosepou\/wp-json\/wp\/v2\/posts"}],"about":[{"href":"https:\/\/blogs.lasprovincias.es\/mariajosepou\/wp-json\/wp\/v2\/types\/post"}],"author":[{"embeddable":true,"href":"https:\/\/blogs.lasprovincias.es\/mariajosepou\/wp-json\/wp\/v2\/users\/6"}],"replies":[{"embeddable":true,"href":"https:\/\/blogs.lasprovincias.es\/mariajosepou\/wp-json\/wp\/v2\/comments?post=77"}],"version-history":[{"count":0,"href":"https:\/\/blogs.lasprovincias.es\/mariajosepou\/wp-json\/wp\/v2\/posts\/77\/revisions"}],"wp:attachment":[{"href":"https:\/\/blogs.lasprovincias.es\/mariajosepou\/wp-json\/wp\/v2\/media?parent=77"}],"wp:term":[{"taxonomy":"category","embeddable":true,"href":"https:\/\/blogs.lasprovincias.es\/mariajosepou\/wp-json\/wp\/v2\/categories?post=77"},{"taxonomy":"post_tag","embeddable":true,"href":"https:\/\/blogs.lasprovincias.es\/mariajosepou\/wp-json\/wp\/v2\/tags?post=77"}],"curies":[{"name":"wp","href":"https:\/\/api.w.org\/{rel}","templated":true}]}}