{"id":84,"date":"2010-05-06T06:48:15","date_gmt":"2010-05-06T06:48:15","guid":{"rendered":"http:\/\/firmas.lasprovincias.es\/mariajosepou\/?p=84"},"modified":"2010-05-06T06:48:15","modified_gmt":"2010-05-06T06:48:15","slug":"pulsera-moncloa-balance","status":"publish","type":"post","link":"https:\/\/blogs.lasprovincias.es\/mariajosepou\/2010\/05\/06\/pulsera-moncloa-balance\/","title":{"rendered":"Pulsera \u201cMoncloa Balance\u201d"},"content":{"rendered":"<p style=\"text-align: justify\"><a href=\"\/mariajosepou\/wp-content\/uploads\/sites\/4\/2010\/05\/zapatero-rajoy.jpg\"><img loading=\"lazy\" class=\"alignleft size-thumbnail wp-image-86\" src=\"\/mariajosepou\/wp-content\/uploads\/sites\/4\/2010\/05\/zapatero-rajoy.jpg\" alt=\"\" width=\"150\" height=\"150\" \/><\/a>Ya s\u00e9 que, a estas alturas, los analistas pol\u00edticos habr\u00e1n destripado <a href=\"http:\/\/www.lasprovincias.es\/prensa\/20100506\/politica\/zapatero-rajoy-incapaces-sellar-20100506.html\" target=\"_blank\" rel=\"external nofollow\">la reuni\u00f3n<\/a> de Zapatero y Rajoy, Rajoy y Zapatero, hasta la \u00faltima coma de sus respectivas comparecencias ante la prensa, pero yo no lo har\u00e9.<\/p>\n<p style=\"text-align: justify\">Y no lo har\u00e9 no porque no pueda o no sepa o no tenga material para dedicarle una serie de columnas que ni Bernini en la Plaza de San Pedro, sino porque \u201cverbo volant\u201d incluso a las puertas de La Moncloa. O especialmente all\u00ed. Quiero hechos y no ruedas de prensa. Los hechos son brotes verdes; las ruedas de prensa, el roc\u00edo de la ma\u00f1ana posado las hojas. O sea, pura fugacidad.<\/p>\n<p style=\"text-align: justify\">Para m\u00ed lo de ayer es tan relevante como la u\u00f1a que se rompi\u00f3 una vedette del \u00faltimo teatrucho de un pueblo de Michigan. \u201cN\u00e1\u201d, para ser exactos.<\/p>\n<p style=\"text-align: justify\">Adem\u00e1s, como no conf\u00edo en que esos parip\u00e9 sirvan para algo, me prepongo alertar sobre dos detalles insignificantes a la par que indignos de menci\u00f3n. Un joya, oiga.<\/p>\n<p style=\"text-align: justify\">No me he vuelto loca, no, simplemente me aburre dedicar tiempo a lo que no lo merece. Y no soy yo la \u00fanica que duda de la importancia de la reuni\u00f3n. La propia <a href=\"http:\/\/www.lasprovincias.es\/rc\/20100506\/economia\/bolsa-espana-jueves-201005060359.html\" target=\"_blank\" rel=\"external nofollow\">Bolsa lo demostr\u00f3 ayer<\/a> pas\u00e1ndose por el arco de seguridad el acontecimiento pol\u00edtico de la semana y pegando, as\u00ed, un nuevo saltito hacia abajo. Y si lo dice la Bolsa, por algo ser\u00e1. O no ser\u00e1, pero nos fastidiar\u00e1 a todos. Por decirlo finamente.<\/p>\n<p style=\"text-align: justify\">Lo que me dej\u00f3 trastornada ayer en Moncloa fue la sincron\u00eda de glamour entre los dos l\u00edderes. Traje azul y corbata a rayas. \u00a1A rayas! Los dos. En tonos azules. Oh, my God. Eso no puede ser casualidad. Tiene que significar algo pero no consigo saber qu\u00e9. Las rayas eran oblicuas, ni verticales ni horizontales. \u00bfPsicodelia quiz\u00e1s?<\/p>\n<p style=\"text-align: justify\">Y qu\u00e9 decir del <a href=\"http:\/\/www.youtube.com\/watch?v=MJ-BHAyawp8\" target=\"_blank\" rel=\"external nofollow\">apret\u00f3n de manos<\/a>. Por un momento tem\u00ed que ZP le descoyuntara a Rajoy con ese vaiv\u00e9n fogoso y con fruici\u00f3n. Era m\u00e1s Mr. Bean que nunca. No s\u00e9 si por nervios, por necesidad de salvavidas o por carencia de mimos pero ZP mostr\u00f3 una agitaci\u00f3n inquietante. \u00bfSer\u00e1n los campos electromagn\u00e9ticos de la pulsera \u201cMoncloa balance\u201d?<\/p>\n<!-- AddThis Advanced Settings generic via filter on the_content --><!-- AddThis Share Buttons generic via filter on the_content -->","protected":false},"excerpt":{"rendered":"<p>Ya s\u00e9 que, a estas alturas, los analistas pol\u00edticos habr\u00e1n destripado la reuni\u00f3n de Zapatero y Rajoy, Rajoy y Zapatero, hasta la \u00faltima coma de sus respectivas comparecencias ante la prensa, pero yo no lo har\u00e9. Y no lo har\u00e9 no porque no pueda o no sepa o no tenga material para dedicarle una serie [&hellip;]<!-- AddThis Advanced Settings generic via filter on get_the_excerpt --><!-- AddThis Share Buttons generic via filter on get_the_excerpt --><\/p>\n","protected":false},"author":6,"featured_media":0,"comment_status":"open","ping_status":"closed","sticky":false,"template":"","format":"standard","meta":[],"categories":[4],"tags":[136,143,187],"_links":{"self":[{"href":"https:\/\/blogs.lasprovincias.es\/mariajosepou\/wp-json\/wp\/v2\/posts\/84"}],"collection":[{"href":"https:\/\/blogs.lasprovincias.es\/mariajosepou\/wp-json\/wp\/v2\/posts"}],"about":[{"href":"https:\/\/blogs.lasprovincias.es\/mariajosepou\/wp-json\/wp\/v2\/types\/post"}],"author":[{"embeddable":true,"href":"https:\/\/blogs.lasprovincias.es\/mariajosepou\/wp-json\/wp\/v2\/users\/6"}],"replies":[{"embeddable":true,"href":"https:\/\/blogs.lasprovincias.es\/mariajosepou\/wp-json\/wp\/v2\/comments?post=84"}],"version-history":[{"count":0,"href":"https:\/\/blogs.lasprovincias.es\/mariajosepou\/wp-json\/wp\/v2\/posts\/84\/revisions"}],"wp:attachment":[{"href":"https:\/\/blogs.lasprovincias.es\/mariajosepou\/wp-json\/wp\/v2\/media?parent=84"}],"wp:term":[{"taxonomy":"category","embeddable":true,"href":"https:\/\/blogs.lasprovincias.es\/mariajosepou\/wp-json\/wp\/v2\/categories?post=84"},{"taxonomy":"post_tag","embeddable":true,"href":"https:\/\/blogs.lasprovincias.es\/mariajosepou\/wp-json\/wp\/v2\/tags?post=84"}],"curies":[{"name":"wp","href":"https:\/\/api.w.org\/{rel}","templated":true}]}}