{"id":91,"date":"2010-05-07T06:23:26","date_gmt":"2010-05-07T06:23:26","guid":{"rendered":"http:\/\/firmas.lasprovincias.es\/mariajosepou\/?p=91"},"modified":"2010-05-07T06:23:26","modified_gmt":"2010-05-07T06:23:26","slug":"autoria-intelectual","status":"publish","type":"post","link":"https:\/\/blogs.lasprovincias.es\/mariajosepou\/2010\/05\/07\/autoria-intelectual\/","title":{"rendered":"Autor\u00eda intelectual"},"content":{"rendered":"<p style=\"text-align: justify\"><a href=\"\/mariajosepou\/wp-content\/uploads\/sites\/4\/2010\/05\/fotonoticia_20100505141823_225.jpg\"><img loading=\"lazy\" class=\"alignleft size-thumbnail wp-image-92\" src=\"\/mariajosepou\/wp-content\/uploads\/sites\/4\/2010\/05\/fotonoticia_20100505141823_225.jpg\" alt=\"\" width=\"150\" height=\"150\" \/><\/a>En un atentado terrorista, acostumbramos a diferenciar \u201cautores\u201d de \u201cautores intelectuales\u201d. Con esta expresi\u00f3n nos referimos no a quien pone la bomba sino a quien justifica esos actos, los sugiere veladamente, los alienta y les da apoyo con argumentos.<\/p>\n<p style=\"text-align: justify\">El autor intelectual no siempre se sienta ante la Justicia aunque sus palabras, sus discursos o sus razonamientos hayan estado sembrando de odio la relaci\u00f3n entre dos comunidades hasta llevarles al enfrentamiento.<\/p>\n<p style=\"text-align: justify\">Algo as\u00ed sucede tambi\u00e9n en las guerras que dif\u00edcilmente surgen de forma espont\u00e1nea. Muchas veces transcurren a\u00f1os o siglos en los que se alienta la enemistad apelando a las ofensas hist\u00f3ricas y a las afrentas irreparables que solo se curan con las armas. Lo vimos en Bosnia, en Ruanda o en Sud\u00e1n.<\/p>\n<p style=\"text-align: justify\">Son responsables esos pol\u00edticos que, con tal de ganar el poder, exacerban los sentimientos nacionalistas o racistas contra \u201clos otros\u201d como Radovan Karadzic en los Balcanes.<\/p>\n<p style=\"text-align: justify\">Por eso me pregunto qu\u00e9 responsabilidad tienen en la violencia que se puede estar gestando quienes se dedican ahora a culpabilizar de la crisis a los bancos, los ricos o los trabajadores que ganan grandes sueldos y grandes jubilaciones. Sin ir m\u00e1s lejos, hace un par de d\u00edas <a href=\"http:\/\/www.lasprovincias.es\/rc\/20100505\/economia\/huelga-general-grecia-201005050908.html\" target=\"_blank\" rel=\"external nofollow\">murieron tres trabajadores de la banca en Grecia<\/a>.<\/p>\n<p style=\"text-align: justify\">No es casualidad que su lugar de trabajo fuese un banco. El discurso de algunos pol\u00edticos y de muchos sindicalistas se basa en demonizar a los grandes bancos y, siendo cierto que ha habido especulaci\u00f3n, falta de regulaci\u00f3n en sus comportamientos y falta de \u00e9tica, focalizar las iras sobre ellos no puede traer nada bueno. Lo peor, la muerte de trabajadores inocentes. No quiero decir que se justifique el ataque a los especuladores que hay detr\u00e1s de los bancos, a sus due\u00f1os o a sus accionistas. Ni mucho menos. Pero el cajero de un banco es tan culpable como sus clientes; aproximadamente nada.<\/p>\n<p style=\"text-align: justify\">Lo peor de la crisis no es la dificultad econ\u00f3mica sino la crisis social, esto es, la fractura en la sociedad, el reproche a quien tiene, la censura hacia el que no se ha hundido. Esa crisis a\u00fan no la hemos vivido pero sus efectos pueden ser devastadores.<\/p>\n<!-- AddThis Advanced Settings generic via filter on the_content --><!-- AddThis Share Buttons generic via filter on the_content -->","protected":false},"excerpt":{"rendered":"<p>En un atentado terrorista, acostumbramos a diferenciar \u201cautores\u201d de \u201cautores intelectuales\u201d. Con esta expresi\u00f3n nos referimos no a quien pone la bomba sino a quien justifica esos actos, los sugiere veladamente, los alienta y les da apoyo con argumentos. El autor intelectual no siempre se sienta ante la Justicia aunque sus palabras, sus discursos o [&hellip;]<!-- AddThis Advanced Settings generic via filter on get_the_excerpt --><!-- AddThis Share Buttons generic via filter on get_the_excerpt --><\/p>\n","protected":false},"author":6,"featured_media":0,"comment_status":"open","ping_status":"closed","sticky":false,"template":"","format":"standard","meta":[],"categories":[4],"tags":[136,169,180],"_links":{"self":[{"href":"https:\/\/blogs.lasprovincias.es\/mariajosepou\/wp-json\/wp\/v2\/posts\/91"}],"collection":[{"href":"https:\/\/blogs.lasprovincias.es\/mariajosepou\/wp-json\/wp\/v2\/posts"}],"about":[{"href":"https:\/\/blogs.lasprovincias.es\/mariajosepou\/wp-json\/wp\/v2\/types\/post"}],"author":[{"embeddable":true,"href":"https:\/\/blogs.lasprovincias.es\/mariajosepou\/wp-json\/wp\/v2\/users\/6"}],"replies":[{"embeddable":true,"href":"https:\/\/blogs.lasprovincias.es\/mariajosepou\/wp-json\/wp\/v2\/comments?post=91"}],"version-history":[{"count":0,"href":"https:\/\/blogs.lasprovincias.es\/mariajosepou\/wp-json\/wp\/v2\/posts\/91\/revisions"}],"wp:attachment":[{"href":"https:\/\/blogs.lasprovincias.es\/mariajosepou\/wp-json\/wp\/v2\/media?parent=91"}],"wp:term":[{"taxonomy":"category","embeddable":true,"href":"https:\/\/blogs.lasprovincias.es\/mariajosepou\/wp-json\/wp\/v2\/categories?post=91"},{"taxonomy":"post_tag","embeddable":true,"href":"https:\/\/blogs.lasprovincias.es\/mariajosepou\/wp-json\/wp\/v2\/tags?post=91"}],"curies":[{"name":"wp","href":"https:\/\/api.w.org\/{rel}","templated":true}]}}