{"id":14,"date":"2012-10-16T16:07:26","date_gmt":"2012-10-16T16:07:26","guid":{"rendered":"http:\/\/blogs.lasprovincias.es\/masvidaquearte\/?p=14"},"modified":"2019-11-13T15:42:37","modified_gmt":"2019-11-13T15:42:37","slug":"los-nuevos-vengadores-del-arte","status":"publish","type":"post","link":"https:\/\/blogs.lasprovincias.es\/masvidaquearte\/2012\/10\/16\/los-nuevos-vengadores-del-arte\/","title":{"rendered":"Los Nuevos Vengadores del arte"},"content":{"rendered":"<p>Hace 20 a\u00f1os, decir que le\u00edas comics implicaba autom\u00e1ticamente que te relegaran al grupo de los raros y raras. Aunque parezca un clich\u00e9 americano, en los colegios e institutos espa\u00f1oles tambi\u00e9n se aplicaba la norma del fuerte y guapo es el que triunfa y el lerdo es aquel o aquella que lee comics, se sabe los di\u00e1logos de memoria de pel\u00edculas como <em>La Guerra de las Galaxias<\/em> o la menos conocida <em>Tron<\/em> o entiende perfectamente cuando alguien le saluda con los dedos de las manos separados hasta formar una V en el centro de la mano.<\/p>\n<p>Eran las tribus de los ahora llamados <em>frikis<\/em>. Asociados a la inteligencia, el rendimiento acad\u00e9mico medio-elevado y a no seguir la corriente en gustos est\u00e9ticos o de marca, han conservado una subcultura envidiable. Aunque no me gusta llamarlo subcultura porque, si utilizamos algo de nuestro tiempo a sumergirnos en algunas de las historias narradas en algunos de los comics de la Casa de las Ideas (empresa conocida como Marvel), descubriremos que escritores como <strong>Brian Michael Bendis<\/strong> o <strong>Mark Millar<\/strong> son unos aut\u00e9nticos artistas.<\/p>\n<p>En cierto modo, una de las reglas que sigue el arte -aquello de que para que una pieza pueda ser arte debe ser irrepetible- me chirr\u00eda a la hora de valorar, por ejemplo, una obra escrita. El trabajo de estos dos guionistas es de una complejidad y entramado bien construido. Ello, unido a la labor de dibujantes como <strong>Bryan Hitch<\/strong> en el comic <em>The Ultimates Superhumanos<\/em> desemboca en un conjunto redondo y perfecto con un fondo psicol\u00f3gico y constructivo de los personajes que ya quisieran algunos escritores mediocres que he tenido el disgusto de leer y sufrir (gracias al consejo de una amiga, me he quitado la costumbre de acabarme un mal libro y no sentirme culpable si no lo termino).<\/p>\n<p>\u00a0<a href=\"\/masvidaquearte\/wp-content\/uploads\/sites\/26\/2012\/10\/the-ultimates.jpg\"><img loading=\"lazy\" class=\"aligncenter size-full wp-image-19\" title=\"The Ultimates Superhumanos\" src=\"\/masvidaquearte\/wp-content\/uploads\/sites\/26\/2012\/10\/the-ultimates.jpg\" alt=\"The Ultimates Superhumanos, 2002-2004\" width=\"500\" height=\"375\" \/><\/a><\/p>\n<p>Por eso, a la hora de valorar una pieza \u00fanica como arte -aunque sea una pieza anodina- frente a un comic que, ni siquiera se suele clasificar como parte de la literatura universal, me parece injusto cuando se trata de profesionales como los he que he mencionado anteriormente. Haciendo un gui\u00f1o a los personajes de la Marvel con el titulo de este art\u00edculo, aqu\u00ed empezaremos a hacer justicia a una \u201ccorriente menor de lectura\u201d como clasifican algunos y algunas.<\/p>\n<p>En esta secci\u00f3n tambi\u00e9n hablar\u00e9 sobre el poder que est\u00e1n alcanzando algunas personas que, hace 20 a\u00f1os, eran los y las raras de clase. Estamos evolucionando a un modo distinto de arte, encabezado por personas cuya sensibilidad y capacidad de captaci\u00f3n es casi <em>superhumana<\/em>. Voy a comentar tanto el \u00e1mbito art\u00edstico como \u00e1reas que, en principio, no tienen mucho que ver con el concepto de arte que nos han doctrinado, como el \u00e1rea tecnol\u00f3gica. Estas personas, con su formaci\u00f3n multidisciplinar, est\u00e1n demostrando que <span style=\"text-decoration: underline;\">la era de los frikis ha llegado<\/span>. Si ya lo dijo Bill Gates en una de las conferencias que imparti\u00f3 en la Universidad de Yale: \u201cS\u00e9 amable con los empollones: existen muchas probabilidades de que termines trabajando para uno de ellos.\u201d<\/p>\n<p>Lid\u00f3n Sancho Rib\u00e9s.<\/p>\n<!-- AddThis Advanced Settings generic via filter on the_content --><!-- AddThis Share Buttons generic via filter on the_content -->","protected":false},"excerpt":{"rendered":"<p>Hace 20 a\u00f1os, decir que le\u00edas comics implicaba autom\u00e1ticamente que te relegaran al grupo de los raros y raras. Aunque parezca un clich\u00e9 americano, en los colegios e institutos espa\u00f1oles tambi\u00e9n se aplicaba la norma del fuerte y guapo es el que triunfa y el lerdo es aquel o aquella que lee comics, se sabe [&hellip;]<!-- AddThis Advanced Settings generic via filter on get_the_excerpt --><!-- AddThis Share Buttons generic via filter on get_the_excerpt --><\/p>\n","protected":false},"author":34,"featured_media":0,"comment_status":"open","ping_status":"closed","sticky":false,"template":"","format":"standard","meta":[],"categories":[1],"tags":[],"_links":{"self":[{"href":"https:\/\/blogs.lasprovincias.es\/masvidaquearte\/wp-json\/wp\/v2\/posts\/14"}],"collection":[{"href":"https:\/\/blogs.lasprovincias.es\/masvidaquearte\/wp-json\/wp\/v2\/posts"}],"about":[{"href":"https:\/\/blogs.lasprovincias.es\/masvidaquearte\/wp-json\/wp\/v2\/types\/post"}],"author":[{"embeddable":true,"href":"https:\/\/blogs.lasprovincias.es\/masvidaquearte\/wp-json\/wp\/v2\/users\/34"}],"replies":[{"embeddable":true,"href":"https:\/\/blogs.lasprovincias.es\/masvidaquearte\/wp-json\/wp\/v2\/comments?post=14"}],"version-history":[{"count":1,"href":"https:\/\/blogs.lasprovincias.es\/masvidaquearte\/wp-json\/wp\/v2\/posts\/14\/revisions"}],"predecessor-version":[{"id":180,"href":"https:\/\/blogs.lasprovincias.es\/masvidaquearte\/wp-json\/wp\/v2\/posts\/14\/revisions\/180"}],"wp:attachment":[{"href":"https:\/\/blogs.lasprovincias.es\/masvidaquearte\/wp-json\/wp\/v2\/media?parent=14"}],"wp:term":[{"taxonomy":"category","embeddable":true,"href":"https:\/\/blogs.lasprovincias.es\/masvidaquearte\/wp-json\/wp\/v2\/categories?post=14"},{"taxonomy":"post_tag","embeddable":true,"href":"https:\/\/blogs.lasprovincias.es\/masvidaquearte\/wp-json\/wp\/v2\/tags?post=14"}],"curies":[{"name":"wp","href":"https:\/\/api.w.org\/{rel}","templated":true}]}}