{"id":207,"date":"2020-03-19T16:42:29","date_gmt":"2020-03-19T16:42:29","guid":{"rendered":"https:\/\/blogs.lasprovincias.es\/masvidaquearte\/?p=207"},"modified":"2020-03-19T16:42:29","modified_gmt":"2020-03-19T16:42:29","slug":"la-distancia","status":"publish","type":"post","link":"https:\/\/blogs.lasprovincias.es\/masvidaquearte\/2020\/03\/19\/la-distancia\/","title":{"rendered":"La distancia"},"content":{"rendered":"<p>Circulan como la peste por los grupos de whatssap cientos de v\u00eddeos lacrim\u00f3genos y frases rotundas en esta \u00e9poca de amor y de c\u00f3lera que nos invitan a reflexionar sobre c\u00f3mo, cu\u00e1ndo, d\u00f3nde y con qui\u00e9n perdemos nuestro tiempo, o lo ganamos, claro; a ser conscientes del presente, del valor de un abrazo, de una quedada al sol, a la sombra, de pie, tumbados, agarrados por las caderas o de las manos, o simplemente, mir\u00e1ndonos sin sosiego. Sobre la introspecci\u00f3n en la pausa, sobre las metas en la quietud de nuestra casa, sobre el terror a la soledad y a la locura, sobre la vida que sigue, a pesar del miedo que nos tenemos.<\/p>\n<p>Ahora cargo con mi tono implacable sobre vosotros: \u00bfde verdad necesitabais esto para saber todo lo anterior? Porque yo no lo necesitaba en absoluto, ni lo ped\u00ed, aunque igual s\u00ed que lo dese\u00e9 para vosotros, los cad\u00e1veres, como bien os conoce mi amigo Javi. Si has sido incapaz hasta ahora de saber lo importante que es no terminar una conversaci\u00f3n enfadada con alguien que quieres, decirle un te quiero a alguien que permanece alejado para que sepa que sigue en tu coraz\u00f3n, a abrazar a quien deseas, amas, te cae bien o te ha hecho un favor; a sentir que la vida corre en las terrazas y en los paseos, en los cines con los compa\u00f1eros de palomitas, en la cama cuando todas las luces entran en ti y se apagan fuera\u2026 entonces, necesitas mucho m\u00e1s que una cuarentena para saber vivir.<\/p>\n<p>Yo no lo necesitaba, de veras; mi instagram da cuenta de que siempre estoy entre amigos y amigas a los que, cada d\u00eda, cada semana, les digo lo capitales que son para m\u00ed. En este momento, cuenta aquel o aquella que te llama por tel\u00e9fono para saber c\u00f3mo te encuentras, te manda chorradas para animarte, te pone cachonda en serio (o en broma), sale del trabajo y pasa por tu casa a saludarte desde abajo mientras est\u00e1s en el balc\u00f3n de tu casa, y habl\u00e1is como dos Romeo y Julieta modernos en plena pandemia donde las ganas, si las hay, no las para ni dios. Los apetitos por querer a alguien, por introducir luz en sus d\u00edas, por sacar lo mejor de \u00e9l o de ella, por hacer planes futuros en videoconferencias y re\u00edrte bien alto en el balc\u00f3n, o cantar mientras friegas los platos para que esos vecinos sepan que hay vida, mucha vida, tras las ventanas de todos\u2026 esos son los que se cuentan como pelda\u00f1os hacia la felicidad.<\/p>\n<p>Todas estas narraciones que os cuento son vivencias que mis amistades me relatan y que yo vivo. Todas ellas ser\u00e1n las merecedores de mi tiempo futuro; no les deber\u00e9 gratitud eterna porque eso es una quimera en el ser humano pero s\u00ed gastar\u00e9 mis huellas dactilares y mis emociones en ellos todo el tiempo que Leviat\u00e1n me deje y mis amistades quieran. Y, todos los dem\u00e1s, los que permanecieron en silencio, los que no preguntaron por m\u00ed, los que prefirieron esperar a la calma, los que no supieron ver en m\u00ed un reposo, una esperanza, una fuente de energ\u00eda gratuita y sana, ser\u00e1n un sue\u00f1o que mi memoria habr\u00e1 difuminado en la ma\u00f1ana frente a un caf\u00e9, sol en la terraza y un buen trozo de coca de tomate.<\/p>\n<p>Y pienso que tal vez s\u00ed; tal vez me urg\u00eda saber qu\u00e9 hacer de mi tiempo al final: saber de mis miedos y mis habilidades conversados con mis amistades y sus terrores, de sus planes y yo en ellos, fascinada por su amor y por descubrir ser un alto valor para todos ellos\u2026 Darme cuenta de que, si lees esto, entonces eres una de aquellas personas que compartir\u00e1n el pan y el vino conmigo porque, aunque ahora tenga mucho espacio para enviarte esto, mi tiempo sigue siendo oro para m\u00ed. As\u00ed que, ven. Entra. Acom\u00f3date. Vive en mi coraz\u00f3n.<\/p>\n<!-- AddThis Advanced Settings generic via filter on the_content --><!-- AddThis Share Buttons generic via filter on the_content -->","protected":false},"excerpt":{"rendered":"<p>Circulan como la peste por los grupos de whatssap cientos de v\u00eddeos lacrim\u00f3genos y frases rotundas en esta \u00e9poca de amor y de c\u00f3lera que nos invitan a reflexionar sobre c\u00f3mo, cu\u00e1ndo, d\u00f3nde y con qui\u00e9n perdemos nuestro tiempo, o lo ganamos, claro; a ser conscientes del presente, del valor de un abrazo, de una [&hellip;]<!-- AddThis Advanced Settings generic via filter on get_the_excerpt --><!-- AddThis Share Buttons generic via filter on get_the_excerpt --><\/p>\n","protected":false},"author":34,"featured_media":0,"comment_status":"open","ping_status":"open","sticky":false,"template":"","format":"standard","meta":[],"categories":[1],"tags":[],"_links":{"self":[{"href":"https:\/\/blogs.lasprovincias.es\/masvidaquearte\/wp-json\/wp\/v2\/posts\/207"}],"collection":[{"href":"https:\/\/blogs.lasprovincias.es\/masvidaquearte\/wp-json\/wp\/v2\/posts"}],"about":[{"href":"https:\/\/blogs.lasprovincias.es\/masvidaquearte\/wp-json\/wp\/v2\/types\/post"}],"author":[{"embeddable":true,"href":"https:\/\/blogs.lasprovincias.es\/masvidaquearte\/wp-json\/wp\/v2\/users\/34"}],"replies":[{"embeddable":true,"href":"https:\/\/blogs.lasprovincias.es\/masvidaquearte\/wp-json\/wp\/v2\/comments?post=207"}],"version-history":[{"count":1,"href":"https:\/\/blogs.lasprovincias.es\/masvidaquearte\/wp-json\/wp\/v2\/posts\/207\/revisions"}],"predecessor-version":[{"id":208,"href":"https:\/\/blogs.lasprovincias.es\/masvidaquearte\/wp-json\/wp\/v2\/posts\/207\/revisions\/208"}],"wp:attachment":[{"href":"https:\/\/blogs.lasprovincias.es\/masvidaquearte\/wp-json\/wp\/v2\/media?parent=207"}],"wp:term":[{"taxonomy":"category","embeddable":true,"href":"https:\/\/blogs.lasprovincias.es\/masvidaquearte\/wp-json\/wp\/v2\/categories?post=207"},{"taxonomy":"post_tag","embeddable":true,"href":"https:\/\/blogs.lasprovincias.es\/masvidaquearte\/wp-json\/wp\/v2\/tags?post=207"}],"curies":[{"name":"wp","href":"https:\/\/api.w.org\/{rel}","templated":true}]}}