{"id":37,"date":"2012-10-22T17:58:22","date_gmt":"2012-10-22T17:58:22","guid":{"rendered":"http:\/\/blogs.lasprovincias.es\/masvidaquearte\/?p=37"},"modified":"2019-11-13T15:42:30","modified_gmt":"2019-11-13T15:42:30","slug":"idolos-vacios-2","status":"publish","type":"post","link":"https:\/\/blogs.lasprovincias.es\/masvidaquearte\/2012\/10\/22\/idolos-vacios-2\/","title":{"rendered":"\u00cddolos vac\u00edos"},"content":{"rendered":"<p>Nuestra sociedad est\u00e1 empezando a ser consciente del potencial de nuevas figuras que, en principio, formaban el universo aparte de un grupo menor de personas. Aunque no estoy del todo conforme con si realmente somos pocos y pocas los que nos hemos salido de la norma establecida regida por las marcas de ropa mayoritarias y las celebridades auto-impuestas, lo curioso es c\u00f3mo est\u00e1n comenzando a implantarse y degenerarse este tipo de cultura minoritario. Su valor humano y reflexivo se est\u00e1 convirtiendo en mero ruido de cajas registradoras. Los viejos \u00eddolos no sirven, est\u00e1n demasiado usados y desgastados y la gran maquinaria de h\u00e9roes necesita una renovaci\u00f3n.<\/p>\n<p>Para muestra, un bot\u00f3n. Hace un par de semanas me cruc\u00e9 con un ni\u00f1o de unos 8 a\u00f1os en el trabajo. Llevaba una camiseta del Capit\u00e1n Am\u00e9rica. Yo, sabedora como buena friki que el Capit\u00e1n Am\u00e9rica es un personaje complejo, con una humanidad rebosante y que aporta unos valores dignos de menci\u00f3n en estos tiempos, le pregunt\u00e9, inocente de m\u00ed:<\/p>\n<p>-\u00a1Qu\u00e9 chulo, llevas una camiseta del Capit\u00e1n Am\u00e9rica! Yo tengo muchos comics de \u00e9l. \u00bfCu\u00e1l te has le\u00eddo t\u00fa?<\/p>\n<p>El ni\u00f1o se mira como si yo fuese extraterrestre y encoje los hombros. Su madre, que me escucha, me dice:<\/p>\n<p>&#8211; No se ha le\u00eddo ninguno. S\u00f3lo tiene la camiseta porque le gust\u00f3.<\/p>\n<p>En ese momento, sent\u00ed una tristeza enorme. Me di cuenta que la comercializaci\u00f3n de personajes que, anteriormente, estaban restringidos a un \u00e1rea poco rentable y que s\u00f3lo valoraban una franja minoritaria de personas, se han expandido para la mayor\u00eda pero dejando de lado cualquier signo personal inherente a ellos. La caracterizaci\u00f3n y personalidad de cada figura se ha perdido en el proceso de transformaci\u00f3n comercial. Y sent\u00ed tristeza porque el valor verdadero de las buenas cualidades que intentaban transmitir esos personajes en los comics no ha llegado a las nuevas generaciones. Estamos creando \u00eddolos vac\u00edos, capaces s\u00f3lo de vender una imagen distorsionada de sus cualidades originales.<\/p>\n<p>Y me pregunto si esto tambi\u00e9n est\u00e1 sucediendo con\u00a0 ciertas obras de arte contempor\u00e1neo. Si estamos vendiendo ideas corruptas de su prop\u00f3sito primario. Recuerdo una leyenda negra que le\u00ed hace tiempo sobre la obra del <em>Guernica<\/em>, de Picasso. Se cuenta que el lienzo fue pintado por el artista sin el significado que ahora se le da. En un primer momento, Picasso cre\u00f3 su lienzo, de grandes dimensiones, y lo mantuvo almacenado un tiempo porque no sab\u00eda qu\u00e9 uso darle hasta que sucedieron los bombardeos de la localidad de Guernica. Picasso, como buen manager de su obra, aprovech\u00f3 la coyuntura y retitul\u00f3 a su obra con el nombre de dicha localidad, denunciando as\u00ed los horrores de la guerra con su creaci\u00f3n. Claro est\u00e1, sin datos exactos y fiables, es una fuerte acusaci\u00f3n hacia el gran genio del cubismo. Esto sirve s\u00f3lo como un gran ejemplo de las m\u00faltiples lecturas y definiciones que han podido distorsionarse a lo largo de los a\u00f1os y de generaci\u00f3n en generaci\u00f3n.<\/p>\n<p>\u00a0<a href=\"\/masvidaquearte\/wp-content\/uploads\/sites\/26\/2012\/10\/guernica1.jpg\"><img loading=\"lazy\" class=\"aligncenter  wp-image-39\" title=\"guernica\" src=\"\/masvidaquearte\/wp-content\/uploads\/sites\/26\/2012\/10\/guernica1.jpg\" alt=\"\" width=\"425\" height=\"239\" \/><\/a><\/p>\n<p>Por ese motivo, me parece interesante el enfoque que da sobre el mundo del mercado del \u00a0arte contempor\u00e1neo el autor Don Thompson en su libro <em>El tibur\u00f3n de los 12 millones de d\u00f3lares<\/em>. El an\u00e1lisis sobre la compra-venta del arte que diagnostica este profesor experto en econom\u00eda y marketing me parece revelador y desgarrador al mismo tiempo. En \u00e9l, nos aporta distintas visiones y versiones sobre la venta -fraudulenta o no- de obras de arte contempor\u00e1neo y moderno. Normas sencillas de deducir si nos encontr\u00e1ramos ante una transacci\u00f3n normal y diaria de nuestras vidas comprando en el supermercado -donde a muy pocas personas se les enga\u00f1ar\u00eda- pero que somos incapaces de reflexionar en un entorno tan hostil para la mayor\u00eda de nosotros y nosotras como es el mercado art\u00edstico y con un manejo de cifras de siete n\u00fameros tan escandalosas.<\/p>\n<p>Y mi pregunta, como educadora art\u00edstica, es: si supi\u00e9ramos con certeza sobre los or\u00edgenes del significado de las figuras, las piezas de arte, las lecturas y los \u00eddolos que nuestra sociedad genera d\u00edas tras d\u00eda, \u00bfser\u00edamos capaces de detener esa ola consumista que nos vende definiciones e im\u00e1genes falsas, mediocres o simple y llanamente, tomaduras de pelo? \u00bfSabr\u00edamos exprimir el sentido real de las cosas y las teor\u00edas, de los personajes y de las personas para un buen uso personal y profesional? Francamente, no lo s\u00e9; a\u00fan no he terminado de leer el libro y puede que le pida demasiado. Pero os seguir\u00e9 informando si existe\u00a0 a\u00fan un arte contempor\u00e1neo que pueda aportarnos practicidad, y la esperanza para los y las que creemos que Capit\u00e1n Am\u00e9rica es mucho m\u00e1s que una figura estampada en una camiseta.<\/p>\n<p>Lid\u00f3n Sancho Rib\u00e9s.<\/p>\n<p>&nbsp;<\/p>\n<p>&nbsp;<\/p>\n<p>&nbsp;<\/p>\n<p>&nbsp;<\/p>\n<p>&nbsp;<\/p>\n<!-- AddThis Advanced Settings generic via filter on the_content --><!-- AddThis Share Buttons generic via filter on the_content -->","protected":false},"excerpt":{"rendered":"<p>Nuestra sociedad est\u00e1 empezando a ser consciente del potencial de nuevas figuras que, en principio, formaban el universo aparte de un grupo menor de personas. Aunque no estoy del todo conforme con si realmente somos pocos y pocas los que nos hemos salido de la norma establecida regida por las marcas de ropa mayoritarias y [&hellip;]<!-- AddThis Advanced Settings generic via filter on get_the_excerpt --><!-- AddThis Share Buttons generic via filter on get_the_excerpt --><\/p>\n","protected":false},"author":34,"featured_media":0,"comment_status":"open","ping_status":"closed","sticky":false,"template":"","format":"standard","meta":[],"categories":[1],"tags":[],"_links":{"self":[{"href":"https:\/\/blogs.lasprovincias.es\/masvidaquearte\/wp-json\/wp\/v2\/posts\/37"}],"collection":[{"href":"https:\/\/blogs.lasprovincias.es\/masvidaquearte\/wp-json\/wp\/v2\/posts"}],"about":[{"href":"https:\/\/blogs.lasprovincias.es\/masvidaquearte\/wp-json\/wp\/v2\/types\/post"}],"author":[{"embeddable":true,"href":"https:\/\/blogs.lasprovincias.es\/masvidaquearte\/wp-json\/wp\/v2\/users\/34"}],"replies":[{"embeddable":true,"href":"https:\/\/blogs.lasprovincias.es\/masvidaquearte\/wp-json\/wp\/v2\/comments?post=37"}],"version-history":[{"count":1,"href":"https:\/\/blogs.lasprovincias.es\/masvidaquearte\/wp-json\/wp\/v2\/posts\/37\/revisions"}],"predecessor-version":[{"id":179,"href":"https:\/\/blogs.lasprovincias.es\/masvidaquearte\/wp-json\/wp\/v2\/posts\/37\/revisions\/179"}],"wp:attachment":[{"href":"https:\/\/blogs.lasprovincias.es\/masvidaquearte\/wp-json\/wp\/v2\/media?parent=37"}],"wp:term":[{"taxonomy":"category","embeddable":true,"href":"https:\/\/blogs.lasprovincias.es\/masvidaquearte\/wp-json\/wp\/v2\/categories?post=37"},{"taxonomy":"post_tag","embeddable":true,"href":"https:\/\/blogs.lasprovincias.es\/masvidaquearte\/wp-json\/wp\/v2\/tags?post=37"}],"curies":[{"name":"wp","href":"https:\/\/api.w.org\/{rel}","templated":true}]}}