{"id":41,"date":"2012-10-29T18:34:43","date_gmt":"2012-10-29T18:34:43","guid":{"rendered":"http:\/\/blogs.lasprovincias.es\/masvidaquearte\/?p=41"},"modified":"2019-11-13T15:42:24","modified_gmt":"2019-11-13T15:42:24","slug":"ay-la-belleza","status":"publish","type":"post","link":"https:\/\/blogs.lasprovincias.es\/masvidaquearte\/2012\/10\/29\/ay-la-belleza\/","title":{"rendered":"Ay, la belleza&#8230;"},"content":{"rendered":"<p>El cr\u00edtico <strong>Arthur C. Danto<\/strong> ya lo dijo en su libro <em>El abuso de la belleza<\/em>: Lo bello ha cometido un da\u00f1o irreparable al arte. Este perjuicio puede parecernos inocuo porque nos han ense\u00f1ado a que las distintas disciplinas que estudiamos no interfieren en la vida diaria. Qu\u00e9 ilusos e ilusas somos a veces. Los c\u00e1nones que ha impuesto la belleza en el arte se ha extendido hasta la forma, color e indumentaria que debe poseer nuestro cuerpo. Obviamente, la mujer es a la que m\u00e1s millones le han tocado en esta loter\u00eda.<\/p>\n<p>Por eso, cuando a fecha de hoy, se sigue valorando en las instituciones culturales y los museos LA BELLEZA con may\u00fasculas, aquella que persigui\u00f3 Plat\u00f3n y sus ingenuos disc\u00edpulos como idea pura, se me ponen los pelos de punta. \u00bfExagero? No, cuando esa persecuci\u00f3n acabar\u00e1 en que yo tengo que seguir cabiendo en una 36-38 de vaqueros para ser bella.<\/p>\n<p>Le\u00ed hace poco una entrevista a <strong>Henri Loyrette<\/strong>, director del Museo del Louvre. Lo primero que me descorazon\u00f3 fue leer que su pasi\u00f3n son los impresionistas: \u00bfPor qu\u00e9 todo el arte contempor\u00e1neo se reduce a ellos siempre? (Os hablar\u00e9 de mi teor\u00eda sobre el Impresionismo y su influencia en el p\u00fablico pronto)<\/p>\n<p><a href=\"\/masvidaquearte\/wp-content\/uploads\/sites\/26\/2012\/10\/7a11c318-fbde-11df-843d-416de30db079.jpg\"><img loading=\"lazy\" class=\"aligncenter size-full wp-image-42\" title=\"Henri Loyrette\" src=\"\/masvidaquearte\/wp-content\/uploads\/sites\/26\/2012\/10\/7a11c318-fbde-11df-843d-416de30db079.jpg\" alt=\"\" width=\"493\" height=\"329\" srcset=\"https:\/\/static-blogs.lasprovincias.es\/wp-content\/uploads\/sites\/26\/2012\/10\/7a11c318-fbde-11df-843d-416de30db079.jpg 493w, https:\/\/static-blogs.lasprovincias.es\/wp-content\/uploads\/sites\/26\/2012\/10\/7a11c318-fbde-11df-843d-416de30db079-300x200.jpg 300w\" sizes=\"(max-width: 493px) 100vw, 493px\" \/><\/a><\/p>\n<p><!--more--><\/p>\n<p>En segundo lugar, porque en apenas unas cuantas cortas preguntas, perd\u00ed la esperanza en que una figura tan emblem\u00e1tica como el Sr. Loyrette, siguiera adoctrinando al p\u00fablico con ideas decimon\u00f3nicas e ilustradas. Entiendo los par\u00e1metros que debe seguir un museo como el Louvre con un tipo de obras concretas, pero eso no significa que se haga apolog\u00eda de la belleza como condici\u00f3n indispensable para valorar un tipo de pieza.<\/p>\n<p>En la pregunta 13 lleg\u00f3 mi desconsuelo:<\/p>\n<p>Entrevistador\/a: Exponen 35.000 obras pero tienen decenas de miles escondidas, \u00bfcu\u00e1l es el criterio para mostrarlas o solo conservarlas?<\/p>\n<p>Sr. Loyrette: La belleza. Como no caben todas, ense\u00f1amos las m\u00e1s valiosas desde el punto de vista est\u00e9tico. Pero si exponemos un Leonardo, tratamos de completarlo con obras de pintores que influyeron en \u00e9l, para resultar m\u00e1s did\u00e1cticos y ayudar a comprender el arte.<\/p>\n<p>Primer embrollo: \u00bfQui\u00e9n es el que dictamina lo que es bello de lo que no para su exposici\u00f3n al p\u00fablico?<\/p>\n<p>Segundo embrollo: \u00bfPor qu\u00e9 es la belleza, y no otra cualidad como lo sublime o lo abyecto -tambi\u00e9n categor\u00edas est\u00e9ticas bien reputadas- la que dictamina dicha elecci\u00f3n?<\/p>\n<p>Tercer embrollo: \u00bfresulta did\u00e1ctico un museo que expone artistas influyentes de un autor en concreto con la informaci\u00f3n \u00ednfima que se da en las cartelas del museo? (S\u00ed, esos cartelitos min\u00fasculos que nos dan una informaci\u00f3n valios\u00edsima como las dimensiones del cuadro por si le queremos colgar en nuestro sal\u00f3n)<\/p>\n<p>Muchas trampas en apenas tres l\u00edneas de respuesta que subyacen un tipo de cultura y de apropiaci\u00f3n de un ideario sexista, doctrinario, y poco pr\u00e1ctico. No estoy acusando en ning\u00fan momento al Sr. Loyrette. Su labor en una entidad de tanto peso en la cultura mundial ha sido extraordinario en muchos aspectos, sobretodo a la hora de reforzar la presencia del arte espa\u00f1ol en el Louvre. Pero \u00e9l tambi\u00e9n es preso de una forma de entender el arte y la vida que responde a unos criterios distorsionados y sin estar sometidos a otro tipo de an\u00e1lisis y preguntas.<\/p>\n<p>Se necesita un tiempo de reflexi\u00f3n para analizar todos estos conceptos que hemos extendido sobre la mesa aqu\u00ed. Por eso, iremos desembrollando en una serie de art\u00edculos algunas ideas y actitudes respecto a lo que puede llegar a influir una visi\u00f3n unicista de lo que es arte y lo que no, y su correcta transmisi\u00f3n a las personas que somos espectadoras de \u00e9l.<\/p>\n<p>Lid\u00f3n Sancho Rib\u00e9s.<\/p>\n<p>&nbsp;<\/p>\n<!-- AddThis Advanced Settings generic via filter on the_content --><!-- AddThis Share Buttons generic via filter on the_content -->","protected":false},"excerpt":{"rendered":"<p>El cr\u00edtico Arthur C. Danto ya lo dijo en su libro El abuso de la belleza: Lo bello ha cometido un da\u00f1o irreparable al arte. Este perjuicio puede parecernos inocuo porque nos han ense\u00f1ado a que las distintas disciplinas que estudiamos no interfieren en la vida diaria. Qu\u00e9 ilusos e ilusas somos a veces. Los [&hellip;]<!-- AddThis Advanced Settings generic via filter on get_the_excerpt --><!-- AddThis Share Buttons generic via filter on get_the_excerpt --><\/p>\n","protected":false},"author":34,"featured_media":0,"comment_status":"open","ping_status":"closed","sticky":false,"template":"","format":"standard","meta":[],"categories":[1],"tags":[],"_links":{"self":[{"href":"https:\/\/blogs.lasprovincias.es\/masvidaquearte\/wp-json\/wp\/v2\/posts\/41"}],"collection":[{"href":"https:\/\/blogs.lasprovincias.es\/masvidaquearte\/wp-json\/wp\/v2\/posts"}],"about":[{"href":"https:\/\/blogs.lasprovincias.es\/masvidaquearte\/wp-json\/wp\/v2\/types\/post"}],"author":[{"embeddable":true,"href":"https:\/\/blogs.lasprovincias.es\/masvidaquearte\/wp-json\/wp\/v2\/users\/34"}],"replies":[{"embeddable":true,"href":"https:\/\/blogs.lasprovincias.es\/masvidaquearte\/wp-json\/wp\/v2\/comments?post=41"}],"version-history":[{"count":1,"href":"https:\/\/blogs.lasprovincias.es\/masvidaquearte\/wp-json\/wp\/v2\/posts\/41\/revisions"}],"predecessor-version":[{"id":178,"href":"https:\/\/blogs.lasprovincias.es\/masvidaquearte\/wp-json\/wp\/v2\/posts\/41\/revisions\/178"}],"wp:attachment":[{"href":"https:\/\/blogs.lasprovincias.es\/masvidaquearte\/wp-json\/wp\/v2\/media?parent=41"}],"wp:term":[{"taxonomy":"category","embeddable":true,"href":"https:\/\/blogs.lasprovincias.es\/masvidaquearte\/wp-json\/wp\/v2\/categories?post=41"},{"taxonomy":"post_tag","embeddable":true,"href":"https:\/\/blogs.lasprovincias.es\/masvidaquearte\/wp-json\/wp\/v2\/tags?post=41"}],"curies":[{"name":"wp","href":"https:\/\/api.w.org\/{rel}","templated":true}]}}