{"id":47,"date":"2012-11-05T18:03:31","date_gmt":"2012-11-05T18:03:31","guid":{"rendered":"http:\/\/blogs.lasprovincias.es\/masvidaquearte\/?p=47"},"modified":"2019-11-13T15:42:17","modified_gmt":"2019-11-13T15:42:17","slug":"la-revista-de-1990-euros","status":"publish","type":"post","link":"https:\/\/blogs.lasprovincias.es\/masvidaquearte\/2012\/11\/05\/la-revista-de-1990-euros\/","title":{"rendered":"La revista de 19,90 euros"},"content":{"rendered":"<p>Uno de los errores m\u00e1s frecuentes que cometemos las personas experimentadas en arte es pensar que a las personas no les suele interesar los temas art\u00edsticos por una falta de conocimientos en la materia. Y que esa carencia es debida a una falta de inter\u00e9s por parte de la mayor\u00eda de personas.<\/p>\n<p>Dicho sea, aquel o aquella a la que previamente no se le ha instruido en las materias de arte pasados los estudios de secundaria, es muy poco probable que elija para sus estudios universitarios una carrera abocada a las ramas de bellas artes, historia del arte o humanidades (s\u00ed, esa carrera que te instruye much\u00edsimo pero que nadie sabe a\u00fan exactamente para qu\u00e9 sirve)<\/p>\n<p><!--more--><\/p>\n<p>Pues yo, que me considero un milagro, ya que despu\u00e9s de mis desencuentros con la ense\u00f1anza en arte en COU, me he dedicado por amor(al arte) a esta disciplina fascinante, deber\u00eda de estar predispuesta a instruirme el doble que aquellas personas a las que los movimientos art\u00edsticos no les conmueven en absoluto ni han tenido una formaci\u00f3n en este \u00e1rea.<\/p>\n<p>Y, entonces, entro en una librer\u00eda a hojear alguna revista de arte que me descubra alguna exposici\u00f3n interesante cerca de aqu\u00ed (otro milagro) o alguna entrevista a alg\u00fan comisario o a una artista que me inspire con su montaje expositivo y su originalidad. Y cuando encuentro una revista que me parece bastante interesante, por inercia, echo un vistazo al precio, y veo que cuesta la friolera de 19,90 euros.<\/p>\n<p><a href=\"\/masvidaquearte\/wp-content\/uploads\/sites\/26\/2012\/11\/revistas.jpg\"><img loading=\"lazy\" class=\"aligncenter size-full wp-image-48\" title=\"revistas\" src=\"\/masvidaquearte\/wp-content\/uploads\/sites\/26\/2012\/11\/revistas.jpg\" alt=\"\" width=\"560\" height=\"396\" srcset=\"https:\/\/static-blogs.lasprovincias.es\/wp-content\/uploads\/sites\/26\/2012\/11\/revistas.jpg 560w, https:\/\/static-blogs.lasprovincias.es\/wp-content\/uploads\/sites\/26\/2012\/11\/revistas-300x212.jpg 300w\" sizes=\"(max-width: 560px) 100vw, 560px\" \/><\/a><\/p>\n<p>Y, nosotros y nosotras \u201clos expertos y expertas\u201d, \u00bfa\u00fan nos sorprendemos de que la gente no vea arte? Pero, \u00a1si es prohibitivo hasta leer arte! Una sociedad en la que cada vez m\u00e1s se le veta los conocimientos para entender el car\u00e1cter del arte contempor\u00e1neo, en el que se le lava el cerebro argumentando que el arte figurativo es el verdadero arte (porque si no se reconoce aquello que se contempla, no existe experiencia est\u00e9tica) y que, adem\u00e1s, encarecemos un medio tan eficaz como una revista en papel para acceder al p\u00fablico en general, \u00bfqu\u00e9 nos queda? \u00bfEs acaso alguna especie de boicot para generar un estrato cultural de acceso limitado en el que no haya cabida para aquellos o aquellas que no tienen necesariamente una formaci\u00f3n art\u00edstica?<\/p>\n<p>Si una educadora art\u00edstica, con una licenciatura en la que las asignaturas de arte eran completas y abarcaban todas las \u00e9pocas hasta la actualidad, y doctor\u00e1ndose en arte contempor\u00e1neo, no le pareci\u00f3 lo suficientemente interesante esa revista y, encima, le pareci\u00f3 un robo comprarla, imaginen lo que deben estar ri\u00e9ndose las personas que, por casualidad le echaron ese mismo vistazo, y pensaron que les est\u00e1bamos tomando el pelo. Se\u00f1ores y se\u00f1oras, hay que comenzar a hacer mejor marketing del arte para la gente.<\/p>\n<p>Lid\u00f3n Sancho Rib\u00e9s.<\/p>\n<!-- AddThis Advanced Settings generic via filter on the_content --><!-- AddThis Share Buttons generic via filter on the_content -->","protected":false},"excerpt":{"rendered":"<p>Uno de los errores m\u00e1s frecuentes que cometemos las personas experimentadas en arte es pensar que a las personas no les suele interesar los temas art\u00edsticos por una falta de conocimientos en la materia. Y que esa carencia es debida a una falta de inter\u00e9s por parte de la mayor\u00eda de personas. Dicho sea, aquel [&hellip;]<!-- AddThis Advanced Settings generic via filter on get_the_excerpt --><!-- AddThis Share Buttons generic via filter on get_the_excerpt --><\/p>\n","protected":false},"author":34,"featured_media":0,"comment_status":"open","ping_status":"closed","sticky":false,"template":"","format":"standard","meta":[],"categories":[1],"tags":[],"_links":{"self":[{"href":"https:\/\/blogs.lasprovincias.es\/masvidaquearte\/wp-json\/wp\/v2\/posts\/47"}],"collection":[{"href":"https:\/\/blogs.lasprovincias.es\/masvidaquearte\/wp-json\/wp\/v2\/posts"}],"about":[{"href":"https:\/\/blogs.lasprovincias.es\/masvidaquearte\/wp-json\/wp\/v2\/types\/post"}],"author":[{"embeddable":true,"href":"https:\/\/blogs.lasprovincias.es\/masvidaquearte\/wp-json\/wp\/v2\/users\/34"}],"replies":[{"embeddable":true,"href":"https:\/\/blogs.lasprovincias.es\/masvidaquearte\/wp-json\/wp\/v2\/comments?post=47"}],"version-history":[{"count":1,"href":"https:\/\/blogs.lasprovincias.es\/masvidaquearte\/wp-json\/wp\/v2\/posts\/47\/revisions"}],"predecessor-version":[{"id":177,"href":"https:\/\/blogs.lasprovincias.es\/masvidaquearte\/wp-json\/wp\/v2\/posts\/47\/revisions\/177"}],"wp:attachment":[{"href":"https:\/\/blogs.lasprovincias.es\/masvidaquearte\/wp-json\/wp\/v2\/media?parent=47"}],"wp:term":[{"taxonomy":"category","embeddable":true,"href":"https:\/\/blogs.lasprovincias.es\/masvidaquearte\/wp-json\/wp\/v2\/categories?post=47"},{"taxonomy":"post_tag","embeddable":true,"href":"https:\/\/blogs.lasprovincias.es\/masvidaquearte\/wp-json\/wp\/v2\/tags?post=47"}],"curies":[{"name":"wp","href":"https:\/\/api.w.org\/{rel}","templated":true}]}}